{"id":81474,"date":"2025-05-31T19:13:23","date_gmt":"2025-05-31T22:13:23","guid":{"rendered":"https:\/\/radiolarioja.com.ar\/rlr\/?p=81474"},"modified":"2025-05-31T19:13:24","modified_gmt":"2025-05-31T22:13:24","slug":"cronograma-de-pago-prestaciones-por-desempleo-renatre-%e2%86%92-junio-2025","status":"publish","type":"post","link":"https:\/\/radiolarioja.com.ar\/rlr\/cronograma-de-pago-prestaciones-por-desempleo-renatre-%e2%86%92-junio-2025\/","title":{"rendered":"Cronograma de pago PRESTACIONES POR DESEMPLEO RENATRE \u2192 JUNIO 2025"},"content":{"rendered":"\n<p>Cronograma de pago PRESTACIONES POR DESEMPLEO RENATRE \u2192 JUNIO 2025<br>Desde el 05-06-2025 hasta el 23-06-2025, inclusive.<\/p>\n\n\n\n<p>Cronograma de Pago Asignaciones Familiares ANSES \u2192 JUNIO 2025<br>Fecha de Inicio de Pago<br>Grupo l (doc.Term.En 0 y 1)<br>24\/6\/2025<br>Grupo ll (doc.Term. En 2 y 3)<br>25\/6\/2025<br>Grupo lll (doc.Term. En 4 y 5)<br>26\/6\/2025<br>Grupo lV (doc.Term. En 6 y 7)<br>30\/6\/2025<br>Grupo V (doc.Term. En 8 y 9)<br>1\/7\/2025<br>Todas las Terminaciones<br>HASTA EL 14\/07\/2025<\/p>\n\n\n\n<p>IMPORTANTE Si al momento del pr\u00f3ximo cierre de liquidaci\u00f3n, previsto para el d\u00eda 28 de mayo de 2025, hubiesen quedado prestaciones por desempleo con modalidad de pago \u00abEn proceso de bancarizaci\u00f3n\u00bb, o bien con resultado de apertura de cuenta \u00abRECHAZADO\u00bb, las cuotas afectadas para el mes de junio saldr\u00e1n enviadas por el convenio 014 (pago por ventanilla) a la sucursal de radicaci\u00f3n de cuenta elegida por el trabajador.<\/p>\n\n\n\n<figure class=\"wp-block-image size-large\"><a href=\"https:\/\/radiolarioja.com.ar\/rlr\/wp-content\/uploads\/2025\/05\/1001800705.jpg\"><img fetchpriority=\"high\" decoding=\"async\" width=\"1024\" height=\"602\" src=\"https:\/\/radiolarioja.com.ar\/rlr\/wp-content\/uploads\/2025\/05\/1001800705-1024x602.jpg\" alt=\"\" class=\"wp-image-81475\" srcset=\"https:\/\/radiolarioja.com.ar\/rlr\/wp-content\/uploads\/2025\/05\/1001800705-1024x602.jpg 1024w, https:\/\/radiolarioja.com.ar\/rlr\/wp-content\/uploads\/2025\/05\/1001800705-300x176.jpg 300w, https:\/\/radiolarioja.com.ar\/rlr\/wp-content\/uploads\/2025\/05\/1001800705-768x451.jpg 768w, https:\/\/radiolarioja.com.ar\/rlr\/wp-content\/uploads\/2025\/05\/1001800705.jpg 1280w\" sizes=\"(max-width: 1024px) 100vw, 1024px\" \/><\/a><\/figure>\n","protected":false},"excerpt":{"rendered":"<p>Cronograma de pago PRESTACIONES POR DESEMPLEO RENATRE \u2192 JUNIO 2025Desde el 05-06-2025 hasta el 23-06-2025, inclusive. Cronograma de<\/p>\n","protected":false},"author":2,"featured_media":81475,"comment_status":"open","ping_status":"open","sticky":false,"template":"","format":"image","meta":{"footnotes":""},"categories":[12],"tags":[],"class_list":["post-81474","post","type-post","status-publish","format-image","has-post-thumbnail","hentry","category-local","post_format-post-format-image"],"featured_image_urls":{"full":["https:\/\/radiolarioja.com.ar\/rlr\/wp-content\/uploads\/2025\/05\/1001800705.jpg",1280,752,false],"thumbnail":["https:\/\/radiolarioja.com.ar\/rlr\/wp-content\/uploads\/2025\/05\/1001800705-150x150.jpg",150,150,true],"medium":["https:\/\/radiolarioja.com.ar\/rlr\/wp-content\/uploads\/2025\/05\/1001800705-300x176.jpg",300,176,true],"medium_large":["https:\/\/radiolarioja.com.ar\/rlr\/wp-content\/uploads\/2025\/05\/1001800705-768x451.jpg",640,376,true],"large":["https:\/\/radiolarioja.com.ar\/rlr\/wp-content\/uploads\/2025\/05\/1001800705-1024x602.jpg",640,376,true],"1536x1536":["https:\/\/radiolarioja.com.ar\/rlr\/wp-content\/uploads\/2025\/05\/1001800705.jpg",1280,752,false],"2048x2048":["https:\/\/radiolarioja.com.ar\/rlr\/wp-content\/uploads\/2025\/05\/1001800705.jpg",1280,752,false],"morenews-large":["https:\/\/radiolarioja.com.ar\/rlr\/wp-content\/uploads\/2025\/05\/1001800705.jpg",825,485,false],"morenews-medium":["https:\/\/radiolarioja.com.ar\/rlr\/wp-content\/uploads\/2025\/05\/1001800705.jpg",590,347,false]},"author_info":{"info":["RadioLaRioja"]},"category_info":"<a href=\"https:\/\/radiolarioja.com.ar\/rlr\/category\/local\/\" rel=\"category tag\">Local<\/a>","tag_info":"Local","comment_count":"0","_links":{"self":[{"href":"https:\/\/radiolarioja.com.ar\/rlr\/wp-json\/wp\/v2\/posts\/81474","targetHints":{"allow":["GET"]}}],"collection":[{"href":"https:\/\/radiolarioja.com.ar\/rlr\/wp-json\/wp\/v2\/posts"}],"about":[{"href":"https:\/\/radiolarioja.com.ar\/rlr\/wp-json\/wp\/v2\/types\/post"}],"author":[{"embeddable":true,"href":"https:\/\/radiolarioja.com.ar\/rlr\/wp-json\/wp\/v2\/users\/2"}],"replies":[{"embeddable":true,"href":"https:\/\/radiolarioja.com.ar\/rlr\/wp-json\/wp\/v2\/comments?post=81474"}],"version-history":[{"count":1,"href":"https:\/\/radiolarioja.com.ar\/rlr\/wp-json\/wp\/v2\/posts\/81474\/revisions"}],"predecessor-version":[{"id":81476,"href":"https:\/\/radiolarioja.com.ar\/rlr\/wp-json\/wp\/v2\/posts\/81474\/revisions\/81476"}],"wp:featuredmedia":[{"embeddable":true,"href":"https:\/\/radiolarioja.com.ar\/rlr\/wp-json\/wp\/v2\/media\/81475"}],"wp:attachment":[{"href":"https:\/\/radiolarioja.com.ar\/rlr\/wp-json\/wp\/v2\/media?parent=81474"}],"wp:term":[{"taxonomy":"category","embeddable":true,"href":"https:\/\/radiolarioja.com.ar\/rlr\/wp-json\/wp\/v2\/categories?post=81474"},{"taxonomy":"post_tag","embeddable":true,"href":"https:\/\/radiolarioja.com.ar\/rlr\/wp-json\/wp\/v2\/tags?post=81474"}],"curies":[{"name":"wp","href":"https:\/\/api.w.org\/{rel}","templated":true}]}}