{"id":81470,"date":"2025-05-27T06:20:13","date_gmt":"2025-05-27T09:20:13","guid":{"rendered":"https:\/\/radiolarioja.com.ar\/rlr\/?p=81470"},"modified":"2025-05-27T06:20:15","modified_gmt":"2025-05-27T09:20:15","slug":"sindicalista-guillermo-moser-visita-la-rioja-y-fue-recibido-por-el-gobernador","status":"publish","type":"post","link":"https:\/\/radiolarioja.com.ar\/rlr\/sindicalista-guillermo-moser-visita-la-rioja-y-fue-recibido-por-el-gobernador\/","title":{"rendered":"SINDICALISTA GUILLERMO MOSER VISITA LA RIOJA Y FUE RECIBIDO POR EL GOBERNADOR"},"content":{"rendered":"\n<p>EL SINDICALISTA GUILLERMO MOSER VISITA LA RIOJA Y FUE RECIBIDO POR EL GOBERNADOR<\/p>\n\n\n\n<p>Se trata del Secretario gral. de la Federaci\u00f3n Argentina de Luz y Fuerza, que se encuentra en nuestra provincia, inform\u00e1ndose de la realidad que viven los trabajadores de su sector. Tambi\u00e9n resalt\u00f3 el trabajo que realiza el Sindicato tanto en Capital como en el interior.<\/p>\n\n\n\n<p>Durante un importante encuentro, Moser fue recibido por el gobernador Ricardo Quintela, adem\u00e1s de contar con la presencia del Secretario General del Sindicato de Luz y Fuerza en La Rioja, Fernando C\u00f3rdoba, contando tambi\u00e9n con el titular de EDELAR, Jer\u00f3nimo Quintela.<\/p>\n\n\n\n<p>Cabe recordar, que Moser se encuentra visitando cada provincia para acompa\u00f1ar y visualizar la situaci\u00f3n que atraviesan los trabajadores de ese sector en distintos puntos del pa\u00eds, ante las medidas dispuestas por el presidente Javier Milei.<\/p>\n\n\n\n<figure class=\"wp-block-embed is-type-video is-provider-youtube wp-block-embed-youtube wp-embed-aspect-16-9 wp-has-aspect-ratio\"><div class=\"wp-block-embed__wrapper\">\n<iframe title=\"SINDICALISTA GUILLERMO MOSER VISITA LA RIOJA Y FUE RECIBIDO POR EL GOBERNADOR\" width=\"640\" height=\"360\" src=\"https:\/\/www.youtube.com\/embed\/cGuZY5STRAM?feature=oembed\" frameborder=\"0\" allow=\"accelerometer; autoplay; clipboard-write; encrypted-media; gyroscope; picture-in-picture; web-share\" referrerpolicy=\"strict-origin-when-cross-origin\" allowfullscreen><\/iframe>\n<\/div><\/figure>\n","protected":false},"excerpt":{"rendered":"<p>EL SINDICALISTA GUILLERMO MOSER VISITA LA RIOJA Y FUE RECIBIDO POR EL GOBERNADOR Se trata del Secretario gral.<\/p>\n","protected":false},"author":2,"featured_media":0,"comment_status":"open","ping_status":"open","sticky":false,"template":"","format":"image","meta":{"footnotes":""},"categories":[12],"tags":[],"class_list":["post-81470","post","type-post","status-publish","format-image","hentry","category-local","post_format-post-format-image"],"featured_image_urls":{"full":"","thumbnail":"","medium":"","medium_large":"","large":"","1536x1536":"","2048x2048":"","morenews-large":"","morenews-medium":""},"author_info":{"info":["RadioLaRioja"]},"category_info":"<a href=\"https:\/\/radiolarioja.com.ar\/rlr\/category\/local\/\" rel=\"category tag\">Local<\/a>","tag_info":"Local","comment_count":"0","_links":{"self":[{"href":"https:\/\/radiolarioja.com.ar\/rlr\/wp-json\/wp\/v2\/posts\/81470","targetHints":{"allow":["GET"]}}],"collection":[{"href":"https:\/\/radiolarioja.com.ar\/rlr\/wp-json\/wp\/v2\/posts"}],"about":[{"href":"https:\/\/radiolarioja.com.ar\/rlr\/wp-json\/wp\/v2\/types\/post"}],"author":[{"embeddable":true,"href":"https:\/\/radiolarioja.com.ar\/rlr\/wp-json\/wp\/v2\/users\/2"}],"replies":[{"embeddable":true,"href":"https:\/\/radiolarioja.com.ar\/rlr\/wp-json\/wp\/v2\/comments?post=81470"}],"version-history":[{"count":1,"href":"https:\/\/radiolarioja.com.ar\/rlr\/wp-json\/wp\/v2\/posts\/81470\/revisions"}],"predecessor-version":[{"id":81471,"href":"https:\/\/radiolarioja.com.ar\/rlr\/wp-json\/wp\/v2\/posts\/81470\/revisions\/81471"}],"wp:attachment":[{"href":"https:\/\/radiolarioja.com.ar\/rlr\/wp-json\/wp\/v2\/media?parent=81470"}],"wp:term":[{"taxonomy":"category","embeddable":true,"href":"https:\/\/radiolarioja.com.ar\/rlr\/wp-json\/wp\/v2\/categories?post=81470"},{"taxonomy":"post_tag","embeddable":true,"href":"https:\/\/radiolarioja.com.ar\/rlr\/wp-json\/wp\/v2\/tags?post=81470"}],"curies":[{"name":"wp","href":"https:\/\/api.w.org\/{rel}","templated":true}]}}