{"id":81422,"date":"2025-05-18T12:30:15","date_gmt":"2025-05-18T15:30:15","guid":{"rendered":"https:\/\/radiolarioja.com.ar\/rlr\/?p=81422"},"modified":"2025-05-18T12:30:16","modified_gmt":"2025-05-18T15:30:16","slug":"utn-lr-da-un-paso-clave-hacia-la-sustentabilidad-energetica","status":"publish","type":"post","link":"https:\/\/radiolarioja.com.ar\/rlr\/utn-lr-da-un-paso-clave-hacia-la-sustentabilidad-energetica\/","title":{"rendered":"UTN.LR da un paso clave hacia la sustentabilidad energ\u00e9tica"},"content":{"rendered":"\n<p>UTN.LR da un paso clave hacia la sustentabilidad energ\u00e9tica<\/p>\n\n\n\n<p>La Universidad Tecnol\u00f3gica Nacioalnal Facultad Regional La Rioja acaba de materializar un importante avance en su compromiso con la sostenibilidad ambiental y la innovaci\u00f3n tecnol\u00f3gica. Hemos completado exitosamente la instalaci\u00f3n de una central fotovoltaica de 2,5 kW que abastecer\u00e1 de energ\u00eda limpia a nuestra zona de servidores.<\/p>\n\n\n\n<p>Este proyecto no solo representa una reducci\u00f3n significativa en nuestra huella de carbono, sino que tambi\u00e9n establece un modelo de implementaci\u00f3n de energ\u00edas renovables en infraestructuras educativas. Los servidores, que constituyen el coraz\u00f3n digital de nuestra instituci\u00f3n, funcionar\u00e1n ahora con energ\u00eda captada directamente del abundante recurso solar riojano.<\/p>\n\n\n\n<p>Al momento de la puesta en marcha, estuvieron presentes el Decano de UTN.LR, Ingeniero Jos\u00e9 Nicol\u00e1s Nieto; el Vicedecano, Ingeniero Mart\u00edn Heredia; el Secretario de Cultura y Extensi\u00f3n, Ingeniero Federico Miskoski; y el Ingeniero Mart\u00edn Vergara. En representaci\u00f3n de Energ\u00eda Riojana S.A., participaron Ignacio Mart\u00ednez, alumno avanzado de Ingenier\u00eda Electromec\u00e1nica y actual Director de Operaciones, junto al Subsecretario de Energ\u00eda de la Provincia, Ing. Aldo Morales, graduado de nuestra casa de estudios.<\/p>\n\n\n\n<p>En un emotivo momento, Mart\u00ednez destac\u00f3 c\u00f3mo los conocimientos adquiridos en las aulas de UTN.LR le permitieron alcanzar su actual posici\u00f3n profesional y desarrollar proyectos estrat\u00e9gicos para el fortalecimiento energ\u00e9tico de la provincia. \u00abLo que aprend\u00ed en esta Facultad hoy me permite liderar iniciativas que transforman la matriz energ\u00e9tica riojana\u00bb, expres\u00f3.<\/p>\n\n\n\n<p>La implementaci\u00f3n de este sistema ha sido posible gracias a la valiosa colaboraci\u00f3n de Energ\u00eda Riojana S.A., cuyo respaldo t\u00e9cnico y compromiso con las energ\u00edas limpias ha sido fundamental para concretar esta iniciativa.<\/p>\n\n\n\n<p>Queremos expresar nuestro sincero agradecimiento al Secretario de Energ\u00eda de la Provincia, Alfredo Pedrali y al dedicado equipo de trabajo que ha llevado adelante el montaje, instalaci\u00f3n y puesta en marcha de este proyecto. Su profesionalismo y dedicaci\u00f3n reflejan los valores de excelencia que caracterizan a nuestra comunidad universitaria.<\/p>\n\n\n\n<p>Con esta central fotovoltaica, UTN La Rioja reafirma su rol como referente en la implementaci\u00f3n de tecnolog\u00edas sustentables, formando profesionales conscientes de los desaf\u00edos energ\u00e9ticos del futuro y aportando soluciones concretas para nuestra regi\u00f3n.<\/p>\n\n\n\n<figure class=\"wp-block-gallery has-nested-images columns-default is-cropped wp-block-gallery-1 is-layout-flex wp-block-gallery-is-layout-flex\">\n<figure class=\"wp-block-image size-large\"><a href=\"https:\/\/radiolarioja.com.ar\/rlr\/wp-content\/uploads\/2025\/05\/1001919843.jpg\"><img fetchpriority=\"high\" decoding=\"async\" width=\"768\" height=\"1024\" data-id=\"81423\" src=\"https:\/\/radiolarioja.com.ar\/rlr\/wp-content\/uploads\/2025\/05\/1001919843-768x1024.jpg\" alt=\"\" class=\"wp-image-81423\" srcset=\"https:\/\/radiolarioja.com.ar\/rlr\/wp-content\/uploads\/2025\/05\/1001919843-768x1024.jpg 768w, https:\/\/radiolarioja.com.ar\/rlr\/wp-content\/uploads\/2025\/05\/1001919843-225x300.jpg 225w, https:\/\/radiolarioja.com.ar\/rlr\/wp-content\/uploads\/2025\/05\/1001919843.jpg 960w\" sizes=\"(max-width: 768px) 100vw, 768px\" \/><\/a><\/figure>\n\n\n\n<figure class=\"wp-block-image size-large\"><a href=\"https:\/\/radiolarioja.com.ar\/rlr\/wp-content\/uploads\/2025\/05\/1001919849.jpg\"><img decoding=\"async\" width=\"1024\" height=\"768\" data-id=\"81426\" src=\"https:\/\/radiolarioja.com.ar\/rlr\/wp-content\/uploads\/2025\/05\/1001919849-1024x768.jpg\" alt=\"\" class=\"wp-image-81426\" srcset=\"https:\/\/radiolarioja.com.ar\/rlr\/wp-content\/uploads\/2025\/05\/1001919849-1024x768.jpg 1024w, https:\/\/radiolarioja.com.ar\/rlr\/wp-content\/uploads\/2025\/05\/1001919849-300x225.jpg 300w, https:\/\/radiolarioja.com.ar\/rlr\/wp-content\/uploads\/2025\/05\/1001919849-768x576.jpg 768w, https:\/\/radiolarioja.com.ar\/rlr\/wp-content\/uploads\/2025\/05\/1001919849.jpg 1280w\" sizes=\"(max-width: 1024px) 100vw, 1024px\" \/><\/a><\/figure>\n\n\n\n<figure class=\"wp-block-image size-large\"><a href=\"https:\/\/radiolarioja.com.ar\/rlr\/wp-content\/uploads\/2025\/05\/1001919851.jpg\"><img decoding=\"async\" width=\"1024\" height=\"768\" data-id=\"81425\" src=\"https:\/\/radiolarioja.com.ar\/rlr\/wp-content\/uploads\/2025\/05\/1001919851-1024x768.jpg\" alt=\"\" class=\"wp-image-81425\" srcset=\"https:\/\/radiolarioja.com.ar\/rlr\/wp-content\/uploads\/2025\/05\/1001919851-1024x768.jpg 1024w, https:\/\/radiolarioja.com.ar\/rlr\/wp-content\/uploads\/2025\/05\/1001919851-300x225.jpg 300w, https:\/\/radiolarioja.com.ar\/rlr\/wp-content\/uploads\/2025\/05\/1001919851-768x576.jpg 768w, https:\/\/radiolarioja.com.ar\/rlr\/wp-content\/uploads\/2025\/05\/1001919851.jpg 1280w\" sizes=\"(max-width: 1024px) 100vw, 1024px\" \/><\/a><\/figure>\n\n\n\n<figure class=\"wp-block-image size-large\"><a href=\"https:\/\/radiolarioja.com.ar\/rlr\/wp-content\/uploads\/2025\/05\/1001919855.jpg\"><img loading=\"lazy\" decoding=\"async\" width=\"1024\" height=\"768\" data-id=\"81424\" src=\"https:\/\/radiolarioja.com.ar\/rlr\/wp-content\/uploads\/2025\/05\/1001919855-1024x768.jpg\" alt=\"\" class=\"wp-image-81424\" srcset=\"https:\/\/radiolarioja.com.ar\/rlr\/wp-content\/uploads\/2025\/05\/1001919855-1024x768.jpg 1024w, https:\/\/radiolarioja.com.ar\/rlr\/wp-content\/uploads\/2025\/05\/1001919855-300x225.jpg 300w, https:\/\/radiolarioja.com.ar\/rlr\/wp-content\/uploads\/2025\/05\/1001919855-768x576.jpg 768w, https:\/\/radiolarioja.com.ar\/rlr\/wp-content\/uploads\/2025\/05\/1001919855.jpg 1280w\" sizes=\"(max-width: 1024px) 100vw, 1024px\" \/><\/a><\/figure>\n\n\n\n<figure class=\"wp-block-image size-large\"><a href=\"https:\/\/radiolarioja.com.ar\/rlr\/wp-content\/uploads\/2025\/05\/1001919857.jpg\"><img loading=\"lazy\" decoding=\"async\" width=\"1024\" height=\"768\" data-id=\"81431\" src=\"https:\/\/radiolarioja.com.ar\/rlr\/wp-content\/uploads\/2025\/05\/1001919857-1024x768.jpg\" alt=\"\" class=\"wp-image-81431\" srcset=\"https:\/\/radiolarioja.com.ar\/rlr\/wp-content\/uploads\/2025\/05\/1001919857-1024x768.jpg 1024w, https:\/\/radiolarioja.com.ar\/rlr\/wp-content\/uploads\/2025\/05\/1001919857-300x225.jpg 300w, https:\/\/radiolarioja.com.ar\/rlr\/wp-content\/uploads\/2025\/05\/1001919857-768x576.jpg 768w, https:\/\/radiolarioja.com.ar\/rlr\/wp-content\/uploads\/2025\/05\/1001919857.jpg 1280w\" sizes=\"(max-width: 1024px) 100vw, 1024px\" \/><\/a><\/figure>\n\n\n\n<figure class=\"wp-block-image size-large\"><a href=\"https:\/\/radiolarioja.com.ar\/rlr\/wp-content\/uploads\/2025\/05\/1001919861.jpg\"><img loading=\"lazy\" decoding=\"async\" width=\"1024\" height=\"768\" data-id=\"81427\" src=\"https:\/\/radiolarioja.com.ar\/rlr\/wp-content\/uploads\/2025\/05\/1001919861-1024x768.jpg\" alt=\"\" class=\"wp-image-81427\" srcset=\"https:\/\/radiolarioja.com.ar\/rlr\/wp-content\/uploads\/2025\/05\/1001919861-1024x768.jpg 1024w, https:\/\/radiolarioja.com.ar\/rlr\/wp-content\/uploads\/2025\/05\/1001919861-300x225.jpg 300w, https:\/\/radiolarioja.com.ar\/rlr\/wp-content\/uploads\/2025\/05\/1001919861-768x576.jpg 768w, https:\/\/radiolarioja.com.ar\/rlr\/wp-content\/uploads\/2025\/05\/1001919861.jpg 1280w\" sizes=\"(max-width: 1024px) 100vw, 1024px\" \/><\/a><\/figure>\n\n\n\n<figure class=\"wp-block-image size-large\"><a href=\"https:\/\/radiolarioja.com.ar\/rlr\/wp-content\/uploads\/2025\/05\/1001919863.jpg\"><img loading=\"lazy\" decoding=\"async\" width=\"768\" height=\"1024\" data-id=\"81430\" src=\"https:\/\/radiolarioja.com.ar\/rlr\/wp-content\/uploads\/2025\/05\/1001919863-768x1024.jpg\" alt=\"\" class=\"wp-image-81430\" srcset=\"https:\/\/radiolarioja.com.ar\/rlr\/wp-content\/uploads\/2025\/05\/1001919863-768x1024.jpg 768w, https:\/\/radiolarioja.com.ar\/rlr\/wp-content\/uploads\/2025\/05\/1001919863-225x300.jpg 225w, https:\/\/radiolarioja.com.ar\/rlr\/wp-content\/uploads\/2025\/05\/1001919863-1152x1536.jpg 1152w, https:\/\/radiolarioja.com.ar\/rlr\/wp-content\/uploads\/2025\/05\/1001919863.jpg 1200w\" sizes=\"(max-width: 768px) 100vw, 768px\" \/><\/a><\/figure>\n\n\n\n<figure class=\"wp-block-image size-large\"><a href=\"https:\/\/radiolarioja.com.ar\/rlr\/wp-content\/uploads\/2025\/05\/1001919867.jpg\"><img loading=\"lazy\" decoding=\"async\" width=\"1024\" height=\"768\" data-id=\"81429\" src=\"https:\/\/radiolarioja.com.ar\/rlr\/wp-content\/uploads\/2025\/05\/1001919867-1024x768.jpg\" alt=\"\" class=\"wp-image-81429\" srcset=\"https:\/\/radiolarioja.com.ar\/rlr\/wp-content\/uploads\/2025\/05\/1001919867-1024x768.jpg 1024w, https:\/\/radiolarioja.com.ar\/rlr\/wp-content\/uploads\/2025\/05\/1001919867-300x225.jpg 300w, https:\/\/radiolarioja.com.ar\/rlr\/wp-content\/uploads\/2025\/05\/1001919867-768x576.jpg 768w, https:\/\/radiolarioja.com.ar\/rlr\/wp-content\/uploads\/2025\/05\/1001919867-1536x1152.jpg 1536w, https:\/\/radiolarioja.com.ar\/rlr\/wp-content\/uploads\/2025\/05\/1001919867.jpg 1600w\" sizes=\"(max-width: 1024px) 100vw, 1024px\" \/><\/a><\/figure>\n\n\n\n<figure class=\"wp-block-image size-large\"><a href=\"https:\/\/radiolarioja.com.ar\/rlr\/wp-content\/uploads\/2025\/05\/1001919870.jpg\"><img loading=\"lazy\" decoding=\"async\" width=\"768\" height=\"1024\" data-id=\"81428\" src=\"https:\/\/radiolarioja.com.ar\/rlr\/wp-content\/uploads\/2025\/05\/1001919870-768x1024.jpg\" alt=\"\" class=\"wp-image-81428\" srcset=\"https:\/\/radiolarioja.com.ar\/rlr\/wp-content\/uploads\/2025\/05\/1001919870-768x1024.jpg 768w, https:\/\/radiolarioja.com.ar\/rlr\/wp-content\/uploads\/2025\/05\/1001919870-225x300.jpg 225w, https:\/\/radiolarioja.com.ar\/rlr\/wp-content\/uploads\/2025\/05\/1001919870-1152x1536.jpg 1152w, https:\/\/radiolarioja.com.ar\/rlr\/wp-content\/uploads\/2025\/05\/1001919870.jpg 1200w\" sizes=\"(max-width: 768px) 100vw, 768px\" \/><\/a><\/figure>\n<\/figure>\n","protected":false},"excerpt":{"rendered":"<p>UTN.LR da un paso clave hacia la sustentabilidad energ\u00e9tica La Universidad Tecnol\u00f3gica Nacioalnal Facultad Regional La Rioja acaba<\/p>\n","protected":false},"author":2,"featured_media":81423,"comment_status":"open","ping_status":"open","sticky":false,"template":"","format":"image","meta":{"footnotes":""},"categories":[12],"tags":[],"class_list":["post-81422","post","type-post","status-publish","format-image","has-post-thumbnail","hentry","category-local","post_format-post-format-image"],"featured_image_urls":{"full":["https:\/\/radiolarioja.com.ar\/rlr\/wp-content\/uploads\/2025\/05\/1001919843.jpg",960,1280,false],"thumbnail":["https:\/\/radiolarioja.com.ar\/rlr\/wp-content\/uploads\/2025\/05\/1001919843-150x150.jpg",150,150,true],"medium":["https:\/\/radiolarioja.com.ar\/rlr\/wp-content\/uploads\/2025\/05\/1001919843-225x300.jpg",225,300,true],"medium_large":["https:\/\/radiolarioja.com.ar\/rlr\/wp-content\/uploads\/2025\/05\/1001919843-768x1024.jpg",640,853,true],"large":["https:\/\/radiolarioja.com.ar\/rlr\/wp-content\/uploads\/2025\/05\/1001919843-768x1024.jpg",640,853,true],"1536x1536":["https:\/\/radiolarioja.com.ar\/rlr\/wp-content\/uploads\/2025\/05\/1001919843.jpg",960,1280,false],"2048x2048":["https:\/\/radiolarioja.com.ar\/rlr\/wp-content\/uploads\/2025\/05\/1001919843.jpg",960,1280,false],"morenews-large":["https:\/\/radiolarioja.com.ar\/rlr\/wp-content\/uploads\/2025\/05\/1001919843.jpg",431,575,false],"morenews-medium":["https:\/\/radiolarioja.com.ar\/rlr\/wp-content\/uploads\/2025\/05\/1001919843.jpg",308,410,false]},"author_info":{"info":["RadioLaRioja"]},"category_info":"<a href=\"https:\/\/radiolarioja.com.ar\/rlr\/category\/local\/\" rel=\"category tag\">Local<\/a>","tag_info":"Local","comment_count":"0","_links":{"self":[{"href":"https:\/\/radiolarioja.com.ar\/rlr\/wp-json\/wp\/v2\/posts\/81422","targetHints":{"allow":["GET"]}}],"collection":[{"href":"https:\/\/radiolarioja.com.ar\/rlr\/wp-json\/wp\/v2\/posts"}],"about":[{"href":"https:\/\/radiolarioja.com.ar\/rlr\/wp-json\/wp\/v2\/types\/post"}],"author":[{"embeddable":true,"href":"https:\/\/radiolarioja.com.ar\/rlr\/wp-json\/wp\/v2\/users\/2"}],"replies":[{"embeddable":true,"href":"https:\/\/radiolarioja.com.ar\/rlr\/wp-json\/wp\/v2\/comments?post=81422"}],"version-history":[{"count":1,"href":"https:\/\/radiolarioja.com.ar\/rlr\/wp-json\/wp\/v2\/posts\/81422\/revisions"}],"predecessor-version":[{"id":81432,"href":"https:\/\/radiolarioja.com.ar\/rlr\/wp-json\/wp\/v2\/posts\/81422\/revisions\/81432"}],"wp:featuredmedia":[{"embeddable":true,"href":"https:\/\/radiolarioja.com.ar\/rlr\/wp-json\/wp\/v2\/media\/81423"}],"wp:attachment":[{"href":"https:\/\/radiolarioja.com.ar\/rlr\/wp-json\/wp\/v2\/media?parent=81422"}],"wp:term":[{"taxonomy":"category","embeddable":true,"href":"https:\/\/radiolarioja.com.ar\/rlr\/wp-json\/wp\/v2\/categories?post=81422"},{"taxonomy":"post_tag","embeddable":true,"href":"https:\/\/radiolarioja.com.ar\/rlr\/wp-json\/wp\/v2\/tags?post=81422"}],"curies":[{"name":"wp","href":"https:\/\/api.w.org\/{rel}","templated":true}]}}