{"id":81364,"date":"2025-05-13T17:16:25","date_gmt":"2025-05-13T20:16:25","guid":{"rendered":"https:\/\/radiolarioja.com.ar\/rlr\/?p=81364"},"modified":"2025-05-13T17:16:26","modified_gmt":"2025-05-13T20:16:26","slug":"ya-estan-abiertas-las-inscripciones-parael-espacio-de-formacion-oficio-y-accion","status":"publish","type":"post","link":"https:\/\/radiolarioja.com.ar\/rlr\/ya-estan-abiertas-las-inscripciones-parael-espacio-de-formacion-oficio-y-accion\/","title":{"rendered":"Ya est\u00e1n abiertas las inscripciones parael Espacio de Formaci\u00f3n \u201cOficio y Acci\u00f3n\u201d"},"content":{"rendered":"\n<p>Ya est\u00e1n abiertas las inscripciones para<br>el Espacio de Formaci\u00f3n \u201cOficio y Acci\u00f3n\u201d<\/p>\n\n\n\n<p>El Ministerio de Transporte y Comunicaciones de la Provincia, en coordinaci\u00f3n con la Escuela de Gobierno y Pol\u00edticas P\u00fablicas \u201cProyectAR\u201d, desarrolla el Espacio de Formaci\u00f3n \u201cOficio y Acci\u00f3n\u201d que comprende capacitaciones, cursos y charlas, tanto virtuales como presenciales, orientadas a diferentes sectores de las comunidades de Capital y del interior.<\/p>\n\n\n\n<p>El prop\u00f3sito central de este programa es contribuir al desarrollo de capacidades pr\u00e1cticas y conocimientos aplicados, promoviendo entornos m\u00e1s inclusivos y colaborativos. A trav\u00e9s de estas instancias, se busca generar nuevas oportunidades laborales, fortalecer el trabajo conjunto entre organizaciones y mejorar la calidad de vida en los territorios, fomentando v\u00ednculos solidarios y una mayor participaci\u00f3n social.<br>Todas las actividades cuentan con cupos limitados y otorgan certificaci\u00f3n de asistencia. Las inscripciones est\u00e1n abiertas hasta el viernes 16 de mayo, a trav\u00e9s del formulario disponible en https:\/\/forms.gle\/YBVx2bvFzXX1oyo47 y mediante el c\u00f3digo QR publicado en las redes sociales oficiales del Ministerio de Transporte y Comunicaciones.<br>Dentro del espacio de formaci\u00f3n \u201cOficio y Acci\u00f3n\u201d se ofrecen diversas propuestas educativas destinadas a fortalecer habilidades t\u00e9cnicas y comunicacionales en distintos sectores de la comunidad. Entre ellas, se encuentra el curso \u201cHerramientas y Tecnolog\u00edas de Gesti\u00f3n de Proyectos\u201d, de modalidad virtual, coordinado por la Licenciada Mar\u00eda Eugenia Gim\u00e9nez y la Licenciada Jesica Fern\u00e1ndez. Est\u00e1 dirigido tanto a equipos t\u00e9cnicos de los municipios como al p\u00fablico en general, y tiene como objetivo desarrollar competencias clave para la planificaci\u00f3n, ejecuci\u00f3n y control de proyectos en diversas organizaciones.<br>Tambi\u00e9n se dictar\u00e1 el curso \u201cElectricidad Domiciliaria (Nivel inicial)\u201d, de modalidad presencial, a cargo del Ingeniero Alberto Meneze. Esta capacitaci\u00f3n est\u00e1 orientada al p\u00fablico en general de la ciudad Capital y permitir\u00e1 adquirir conocimientos b\u00e1sicos sobre electricidad, adem\u00e1s de habilidades para la instalaci\u00f3n y mantenimiento de sistemas el\u00e9ctricos en el hogar.<br>Por otro lado, la capacitaci\u00f3n \u201cComunicaci\u00f3n en Redes Sociales\u201d, bajo la modalidad virtual y dictada por la Licenciada Lara Gonz\u00e1lez, est\u00e1 dirigida al p\u00fablico en general y busca brindar herramientas para la creaci\u00f3n, planificaci\u00f3n y gesti\u00f3n de contenidos digitales con una mirada estrat\u00e9gica, orientada a una comunicaci\u00f3n efectiva en entornos digitales.<br>En el \u00e1mbito de la sostenibilidad, se ofrece el curso \u201cIntroducci\u00f3n a la Econom\u00eda Circular\u201d, de modalidad presencial, a cargo del dise\u00f1ador industrial Fernando Lattuca. Dirigida al p\u00fablico en general de la ciudad Capital, esta propuesta aborda los principios fundamentales de la econom\u00eda circular y ofrece herramientas para su aplicaci\u00f3n pr\u00e1ctica a corto y mediano plazo.<br>Adem\u00e1s, se desarrollar\u00e1n una serie de charlas presenciales a cargo de la coach Andrea Zamora, destinadas al p\u00fablico en general, estudiantes del profesorado en Educaci\u00f3n F\u00edsica y promotores culturales del interior provincial. Las tem\u00e1ticas incluyen \u201cM\u00e1s all\u00e1 del resultado: Deporte, respeto y bienestar infantil\u201d, \u201cSalud mental y rendimiento en deportistas de alto nivel\u201d y \u201cActitud y valores en el deporte\u201d. Estas instancias buscan promover entornos deportivos saludables, fomentar el respeto y el bienestar emocional, y transmitir valores fundamentales para el desarrollo personal y colectivo en el \u00e1mbito deportivo.<\/p>\n\n\n\n<p>Otra propuesta destacada es la capacitaci\u00f3n \u201cComunicaci\u00f3n efectiva en redes sociales: Estrategias para potenciar la narrativa digital de centros vecinales y clubes deportivos\u201d, de modalidad presencial, a cargo de la Licenciada Natacha Romero. Est\u00e1 especialmente dirigida a integrantes de centros vecinales y clubes de la ciudad Capital, con el prop\u00f3sito de fortalecer sus capacidades comunicacionales y fomentar la participaci\u00f3n ciudadana a trav\u00e9s de una narrativa digital coherente, atractiva y estrat\u00e9gica.<br>Finalmente, se ofrece el curso \u201cAprender haciendo \u2013 Electricidad domiciliaria para personal del COE\u201d, tambi\u00e9n de modalidad presencial, dictado por el t\u00e9cnico Alan D\u00edaz Mercado. Esta formaci\u00f3n est\u00e1 destinada al personal del COE de la ciudad Capital y tiene como finalidad brindar conocimientos pr\u00e1cticos en electricidad, ampliando as\u00ed su perfil laboral mediante el aprendizaje de oficios t\u00e9cnicos.<br>Cabe se\u00f1alar que, Oficio y Acci\u00f3n se enmarca en una pol\u00edtica p\u00fablica del Gobierno de La Rioja orientada a generar inclusi\u00f3n, fortalecer la empleabilidad y promover la construcci\u00f3n de redes comunitarias. Para m\u00e1s informaci\u00f3n y actualizaciones, consultar las redes sociales oficiales del Ministerio de Transporte y Comunicaciones.<\/p>\n\n\n\n<figure class=\"wp-block-gallery has-nested-images columns-default is-cropped wp-block-gallery-1 is-layout-flex wp-block-gallery-is-layout-flex\">\n<figure class=\"wp-block-image size-large\"><a href=\"https:\/\/radiolarioja.com.ar\/rlr\/wp-content\/uploads\/2025\/05\/1001895418.jpg\"><img fetchpriority=\"high\" decoding=\"async\" width=\"1024\" height=\"1024\" data-id=\"81366\" src=\"https:\/\/radiolarioja.com.ar\/rlr\/wp-content\/uploads\/2025\/05\/1001895418-1024x1024.jpg\" alt=\"\" class=\"wp-image-81366\" srcset=\"https:\/\/radiolarioja.com.ar\/rlr\/wp-content\/uploads\/2025\/05\/1001895418-1024x1024.jpg 1024w, https:\/\/radiolarioja.com.ar\/rlr\/wp-content\/uploads\/2025\/05\/1001895418-300x300.jpg 300w, https:\/\/radiolarioja.com.ar\/rlr\/wp-content\/uploads\/2025\/05\/1001895418-150x150.jpg 150w, https:\/\/radiolarioja.com.ar\/rlr\/wp-content\/uploads\/2025\/05\/1001895418-768x768.jpg 768w, https:\/\/radiolarioja.com.ar\/rlr\/wp-content\/uploads\/2025\/05\/1001895418.jpg 1080w\" sizes=\"(max-width: 1024px) 100vw, 1024px\" \/><\/a><\/figure>\n<\/figure>\n","protected":false},"excerpt":{"rendered":"<p>Ya est\u00e1n abiertas las inscripciones parael Espacio de Formaci\u00f3n \u201cOficio y Acci\u00f3n\u201d El Ministerio de Transporte y Comunicaciones<\/p>\n","protected":false},"author":2,"featured_media":81366,"comment_status":"open","ping_status":"open","sticky":false,"template":"","format":"image","meta":{"footnotes":""},"categories":[12],"tags":[],"class_list":["post-81364","post","type-post","status-publish","format-image","has-post-thumbnail","hentry","category-local","post_format-post-format-image"],"featured_image_urls":{"full":["https:\/\/radiolarioja.com.ar\/rlr\/wp-content\/uploads\/2025\/05\/1001895418.jpg",1080,1080,false],"thumbnail":["https:\/\/radiolarioja.com.ar\/rlr\/wp-content\/uploads\/2025\/05\/1001895418-150x150.jpg",150,150,true],"medium":["https:\/\/radiolarioja.com.ar\/rlr\/wp-content\/uploads\/2025\/05\/1001895418-300x300.jpg",300,300,true],"medium_large":["https:\/\/radiolarioja.com.ar\/rlr\/wp-content\/uploads\/2025\/05\/1001895418-768x768.jpg",640,640,true],"large":["https:\/\/radiolarioja.com.ar\/rlr\/wp-content\/uploads\/2025\/05\/1001895418-1024x1024.jpg",640,640,true],"1536x1536":["https:\/\/radiolarioja.com.ar\/rlr\/wp-content\/uploads\/2025\/05\/1001895418.jpg",1080,1080,false],"2048x2048":["https:\/\/radiolarioja.com.ar\/rlr\/wp-content\/uploads\/2025\/05\/1001895418.jpg",1080,1080,false],"morenews-large":["https:\/\/radiolarioja.com.ar\/rlr\/wp-content\/uploads\/2025\/05\/1001895418.jpg",575,575,false],"morenews-medium":["https:\/\/radiolarioja.com.ar\/rlr\/wp-content\/uploads\/2025\/05\/1001895418.jpg",410,410,false]},"author_info":{"info":["RadioLaRioja"]},"category_info":"<a href=\"https:\/\/radiolarioja.com.ar\/rlr\/category\/local\/\" rel=\"category tag\">Local<\/a>","tag_info":"Local","comment_count":"0","_links":{"self":[{"href":"https:\/\/radiolarioja.com.ar\/rlr\/wp-json\/wp\/v2\/posts\/81364","targetHints":{"allow":["GET"]}}],"collection":[{"href":"https:\/\/radiolarioja.com.ar\/rlr\/wp-json\/wp\/v2\/posts"}],"about":[{"href":"https:\/\/radiolarioja.com.ar\/rlr\/wp-json\/wp\/v2\/types\/post"}],"author":[{"embeddable":true,"href":"https:\/\/radiolarioja.com.ar\/rlr\/wp-json\/wp\/v2\/users\/2"}],"replies":[{"embeddable":true,"href":"https:\/\/radiolarioja.com.ar\/rlr\/wp-json\/wp\/v2\/comments?post=81364"}],"version-history":[{"count":1,"href":"https:\/\/radiolarioja.com.ar\/rlr\/wp-json\/wp\/v2\/posts\/81364\/revisions"}],"predecessor-version":[{"id":81367,"href":"https:\/\/radiolarioja.com.ar\/rlr\/wp-json\/wp\/v2\/posts\/81364\/revisions\/81367"}],"wp:featuredmedia":[{"embeddable":true,"href":"https:\/\/radiolarioja.com.ar\/rlr\/wp-json\/wp\/v2\/media\/81366"}],"wp:attachment":[{"href":"https:\/\/radiolarioja.com.ar\/rlr\/wp-json\/wp\/v2\/media?parent=81364"}],"wp:term":[{"taxonomy":"category","embeddable":true,"href":"https:\/\/radiolarioja.com.ar\/rlr\/wp-json\/wp\/v2\/categories?post=81364"},{"taxonomy":"post_tag","embeddable":true,"href":"https:\/\/radiolarioja.com.ar\/rlr\/wp-json\/wp\/v2\/tags?post=81364"}],"curies":[{"name":"wp","href":"https:\/\/api.w.org\/{rel}","templated":true}]}}