{"id":81349,"date":"2025-05-12T11:07:35","date_gmt":"2025-05-12T14:07:35","guid":{"rendered":"https:\/\/radiolarioja.com.ar\/rlr\/?p=81349"},"modified":"2025-05-12T11:07:38","modified_gmt":"2025-05-12T14:07:38","slug":"lanzaron-el-programa-deliberativo-infantil-soy-concejalito-por-un-dia-2025","status":"publish","type":"post","link":"https:\/\/radiolarioja.com.ar\/rlr\/lanzaron-el-programa-deliberativo-infantil-soy-concejalito-por-un-dia-2025\/","title":{"rendered":"LANZARON EL PROGRAMA DELIBERATIVO INFANTIL \u00abSOY CONCEJALITO POR UN D\u00cdA\u00bb 2025"},"content":{"rendered":"\n<p>En la escuela San Jos\u00e9 de Calazans del barrio Cochangasta se realiz\u00f3 el lanzamiento de la edici\u00f3n 2025 del Programa Deliberativo Infantil \u00abSoy Concejalito por un d\u00eda\u00bb implementado por el Concejo Deliberante de Capital, articulado con el Ministerio de Educaci\u00f3n a trav\u00e9s de la Secretar\u00eda de Gesti\u00f3n Educativa.<\/p>\n\n\n\n<p>Este programa, aprobado por Ordenanza N\u00b0 6441 promueve la formaci\u00f3n ciudadana desde una pedagog\u00eda activa y participativa, permitiendo que ni\u00f1os y ni\u00f1as de 6\u00ba y 7\u00ba experimenten el debate democr\u00e1tico y propongan soluciones concretas a las problem\u00e1ticas de su comunidad.<\/p>\n\n\n\n<p>\u00abCelebramos este nuevo ciclo con el orgullo de saber que educar en ciudadan\u00eda es educar en libertad, en justicia y en construcci\u00f3n colectiva\u00bb, enfatiz\u00f3 la edil Viviana Luna.<\/p>\n\n\n\n<p>La iniciativa es parte de la impronta de apertura y perspectiva socio-comunitaria que se busca dar a la instituci\u00f3n desde la gesti\u00f3n de la Viceintendenta M\u00f3nica D\u00edaz D&#8217;Albano, quien remarc\u00f3 la importancia de generar espacios de escucha y participaci\u00f3n reales para las infancias y las juventudes entendiendo que se trata de un derecho que hasta ahora no les fue reconocido.<\/p>\n\n\n\n<p>Durante el lanzamiento, los docentes gu\u00eda de proyectos del a\u00f1o anterior compartieron su experiencia con entusiasmo y agradecieron al ver que las ideas fueron plasmadas y ejecutadas desde el DEM.<\/p>\n\n\n\n<p>En la etapa 2025 se prev\u00e9 la participaci\u00f3n de las siguientes instituciones:<\/p>\n\n\n\n<p>Escuela N\u00b0 407 \u201cProf. Ra\u00fal Delfor Tapia\u201d &#8211; TM (B\u00b0 Alunai); N\u00b0 394 San Jos\u00e9 de Calasanz TT (Av. San Francisco Km 3 \u00bd); Escuela Municipal N\u00b0 2 Juan Domingo Per\u00f3n; N\u00b0 244 \u201cFrancisco Telechea\u201d TM (D. V\u00e9lez S\u00e1rsfield 842); N\u00b0 263 Parroquial PIO XII (Baz\u00e1n y Bustos 459); N\u00b0 398 \u201cMonse\u00f1or Angelelli\u201d TM (Julio Campos S\/N B\u00b0 20 de Mayo); N\u00b0 177 \u201cDr. Mariano Moreno- Turno Ma\u00f1ana (25 de Mayo y Caudillos Riojanos); N\u00b0192 \u201cNicol\u00e1s Avellaneda\u201d TT (Dardo Rocha y Av. Facundo Quiroga); Instituto Privado Arco Iris (Alberdi 259); Escuela Municipal N\u00b0 1 Juan Manuel Fangio TM; N\u00b0 417 &#8211; Ambos turnos (Manzana 127 B\u00b0 N\u00e9stor Kirchner); N\u00b0252 \u201cBernardino Rivadavia\u201d TM (F. Zelada y Carmelo B. Vald\u00e9z); Escuela 412 \u201cPapa Francisco\u201d (Av. Ram\u00f3n Navarro); N\u00b0314 Dr. Tom\u00e1s de Anchorena (El Barreal) Ruta Prov. N\u00ba 6 Km. 53; N\u00b0 199 \u201cRep\u00fablica de Venezuela\u201dTM (Trampa del Tigre);<br>En la segunda etapa participar\u00e1n: Escuela Gesti\u00f2n Comunitaria \u201cEva Per\u00f3n\u201d TM (Luis Vernet y Santa Rosa); N\u00b0 248 \u201cFrancisca Ger\u00f3nima Barros\u201d TT (Granadero Baigorria y B. Varela); N\u00b0 39 Timoteo Gordillo TT (Bulnes y Salta); N\u00b0 247 San Francisco de As\u00ecs (Baz\u00e1n y Bustos 662); N\u00b0 398 \u201cMonse\u00f1or Angelelli\u201dTT (Julio Campos S\/N B\u00b0 20 de Mayo); ISAE (Calle Albert Einstein S\/N); N\u00b0 177 \u201cDr. Mariano Moreno- Turno Tarde (25 de Mayo y Caudillos Riojanos); N\u00b0 191 Sarmiento TM (Dardo Rocha y Av. Facundo Quiroga); Inst. Privado Pestalozzi (Adolfo E. D\u00e1vila 343); Escuela Municipal N\u00b0 1 Juan Manuel Fangio TT; N\u00b0 397 \u201cMerceditas de San Mart\u00edn\u201d (Alicia M. de Justo 775); Colegio Privado Ing. Luis A. Huergo (San Nicol\u00e1s de Bari E 1100); Escuela 37 Provincia de Santa Fe (Saavedra s\/n); N\u00ba 32 Caudillos Riojanos (El Cebollar); Gdor Manuel Vicente Bustos\u201d (Localidad de San Pedro).<\/p>\n\n\n\n<figure class=\"wp-block-gallery has-nested-images columns-default is-cropped wp-block-gallery-1 is-layout-flex wp-block-gallery-is-layout-flex\">\n<figure class=\"wp-block-image size-large\"><a href=\"https:\/\/radiolarioja.com.ar\/rlr\/wp-content\/uploads\/2025\/05\/1001887929.jpg\"><img fetchpriority=\"high\" decoding=\"async\" width=\"1024\" height=\"682\" data-id=\"81352\" src=\"https:\/\/radiolarioja.com.ar\/rlr\/wp-content\/uploads\/2025\/05\/1001887929-1024x682.jpg\" alt=\"\" class=\"wp-image-81352\" srcset=\"https:\/\/radiolarioja.com.ar\/rlr\/wp-content\/uploads\/2025\/05\/1001887929-1024x682.jpg 1024w, https:\/\/radiolarioja.com.ar\/rlr\/wp-content\/uploads\/2025\/05\/1001887929-300x200.jpg 300w, https:\/\/radiolarioja.com.ar\/rlr\/wp-content\/uploads\/2025\/05\/1001887929-768x512.jpg 768w, https:\/\/radiolarioja.com.ar\/rlr\/wp-content\/uploads\/2025\/05\/1001887929-1536x1023.jpg 1536w, https:\/\/radiolarioja.com.ar\/rlr\/wp-content\/uploads\/2025\/05\/1001887929.jpg 1600w\" sizes=\"(max-width: 1024px) 100vw, 1024px\" \/><\/a><\/figure>\n\n\n\n<figure class=\"wp-block-image size-large\"><a href=\"https:\/\/radiolarioja.com.ar\/rlr\/wp-content\/uploads\/2025\/05\/1001887930.jpg\"><img decoding=\"async\" width=\"1024\" height=\"682\" data-id=\"81351\" src=\"https:\/\/radiolarioja.com.ar\/rlr\/wp-content\/uploads\/2025\/05\/1001887930-1024x682.jpg\" alt=\"\" class=\"wp-image-81351\" srcset=\"https:\/\/radiolarioja.com.ar\/rlr\/wp-content\/uploads\/2025\/05\/1001887930-1024x682.jpg 1024w, https:\/\/radiolarioja.com.ar\/rlr\/wp-content\/uploads\/2025\/05\/1001887930-300x200.jpg 300w, https:\/\/radiolarioja.com.ar\/rlr\/wp-content\/uploads\/2025\/05\/1001887930-768x512.jpg 768w, https:\/\/radiolarioja.com.ar\/rlr\/wp-content\/uploads\/2025\/05\/1001887930-1536x1023.jpg 1536w, https:\/\/radiolarioja.com.ar\/rlr\/wp-content\/uploads\/2025\/05\/1001887930.jpg 1600w\" sizes=\"(max-width: 1024px) 100vw, 1024px\" \/><\/a><\/figure>\n\n\n\n<figure class=\"wp-block-image size-large\"><a href=\"https:\/\/radiolarioja.com.ar\/rlr\/wp-content\/uploads\/2025\/05\/1001887931.jpg\"><img decoding=\"async\" width=\"1024\" height=\"682\" data-id=\"81350\" src=\"https:\/\/radiolarioja.com.ar\/rlr\/wp-content\/uploads\/2025\/05\/1001887931-1024x682.jpg\" alt=\"\" class=\"wp-image-81350\" srcset=\"https:\/\/radiolarioja.com.ar\/rlr\/wp-content\/uploads\/2025\/05\/1001887931-1024x682.jpg 1024w, https:\/\/radiolarioja.com.ar\/rlr\/wp-content\/uploads\/2025\/05\/1001887931-300x200.jpg 300w, https:\/\/radiolarioja.com.ar\/rlr\/wp-content\/uploads\/2025\/05\/1001887931-768x512.jpg 768w, https:\/\/radiolarioja.com.ar\/rlr\/wp-content\/uploads\/2025\/05\/1001887931-1536x1023.jpg 1536w, https:\/\/radiolarioja.com.ar\/rlr\/wp-content\/uploads\/2025\/05\/1001887931.jpg 1600w\" sizes=\"(max-width: 1024px) 100vw, 1024px\" \/><\/a><\/figure>\n<\/figure>\n","protected":false},"excerpt":{"rendered":"<p>En la escuela San Jos\u00e9 de Calazans del barrio Cochangasta se realiz\u00f3 el lanzamiento de la edici\u00f3n 2025<\/p>\n","protected":false},"author":2,"featured_media":81352,"comment_status":"open","ping_status":"open","sticky":false,"template":"","format":"image","meta":{"footnotes":""},"categories":[12],"tags":[],"class_list":["post-81349","post","type-post","status-publish","format-image","has-post-thumbnail","hentry","category-local","post_format-post-format-image"],"featured_image_urls":{"full":["https:\/\/radiolarioja.com.ar\/rlr\/wp-content\/uploads\/2025\/05\/1001887929.jpg",1600,1066,false],"thumbnail":["https:\/\/radiolarioja.com.ar\/rlr\/wp-content\/uploads\/2025\/05\/1001887929-150x150.jpg",150,150,true],"medium":["https:\/\/radiolarioja.com.ar\/rlr\/wp-content\/uploads\/2025\/05\/1001887929-300x200.jpg",300,200,true],"medium_large":["https:\/\/radiolarioja.com.ar\/rlr\/wp-content\/uploads\/2025\/05\/1001887929-768x512.jpg",640,427,true],"large":["https:\/\/radiolarioja.com.ar\/rlr\/wp-content\/uploads\/2025\/05\/1001887929-1024x682.jpg",640,426,true],"1536x1536":["https:\/\/radiolarioja.com.ar\/rlr\/wp-content\/uploads\/2025\/05\/1001887929-1536x1023.jpg",1536,1023,true],"2048x2048":["https:\/\/radiolarioja.com.ar\/rlr\/wp-content\/uploads\/2025\/05\/1001887929.jpg",1600,1066,false],"morenews-large":["https:\/\/radiolarioja.com.ar\/rlr\/wp-content\/uploads\/2025\/05\/1001887929.jpg",825,550,false],"morenews-medium":["https:\/\/radiolarioja.com.ar\/rlr\/wp-content\/uploads\/2025\/05\/1001887929.jpg",590,393,false]},"author_info":{"info":["RadioLaRioja"]},"category_info":"<a href=\"https:\/\/radiolarioja.com.ar\/rlr\/category\/local\/\" rel=\"category tag\">Local<\/a>","tag_info":"Local","comment_count":"0","_links":{"self":[{"href":"https:\/\/radiolarioja.com.ar\/rlr\/wp-json\/wp\/v2\/posts\/81349","targetHints":{"allow":["GET"]}}],"collection":[{"href":"https:\/\/radiolarioja.com.ar\/rlr\/wp-json\/wp\/v2\/posts"}],"about":[{"href":"https:\/\/radiolarioja.com.ar\/rlr\/wp-json\/wp\/v2\/types\/post"}],"author":[{"embeddable":true,"href":"https:\/\/radiolarioja.com.ar\/rlr\/wp-json\/wp\/v2\/users\/2"}],"replies":[{"embeddable":true,"href":"https:\/\/radiolarioja.com.ar\/rlr\/wp-json\/wp\/v2\/comments?post=81349"}],"version-history":[{"count":1,"href":"https:\/\/radiolarioja.com.ar\/rlr\/wp-json\/wp\/v2\/posts\/81349\/revisions"}],"predecessor-version":[{"id":81353,"href":"https:\/\/radiolarioja.com.ar\/rlr\/wp-json\/wp\/v2\/posts\/81349\/revisions\/81353"}],"wp:featuredmedia":[{"embeddable":true,"href":"https:\/\/radiolarioja.com.ar\/rlr\/wp-json\/wp\/v2\/media\/81352"}],"wp:attachment":[{"href":"https:\/\/radiolarioja.com.ar\/rlr\/wp-json\/wp\/v2\/media?parent=81349"}],"wp:term":[{"taxonomy":"category","embeddable":true,"href":"https:\/\/radiolarioja.com.ar\/rlr\/wp-json\/wp\/v2\/categories?post=81349"},{"taxonomy":"post_tag","embeddable":true,"href":"https:\/\/radiolarioja.com.ar\/rlr\/wp-json\/wp\/v2\/tags?post=81349"}],"curies":[{"name":"wp","href":"https:\/\/api.w.org\/{rel}","templated":true}]}}