{"id":81339,"date":"2025-05-12T06:50:46","date_gmt":"2025-05-12T09:50:46","guid":{"rendered":"https:\/\/radiolarioja.com.ar\/rlr\/?p=81339"},"modified":"2025-05-12T06:50:49","modified_gmt":"2025-05-12T09:50:49","slug":"santoro-fuimos-rompiendo-el-techo-en-la-ciudad-eleccion-tras-eleccion","status":"publish","type":"post","link":"https:\/\/radiolarioja.com.ar\/rlr\/santoro-fuimos-rompiendo-el-techo-en-la-ciudad-eleccion-tras-eleccion\/","title":{"rendered":"Santoro: \u201cFuimos rompiendo el techo en la Ciudad elecci\u00f3n tras elecci\u00f3n\u201d"},"content":{"rendered":"\n<h2 class=\"wp-block-heading\">A una semana de la elecci\u00f3n, el candidato a legislador porte\u00f1o de Es Ahora Buenos Aires se muestra cauto, frente a los n\u00fameros que lo dan primero. Ante unos comicios nacionalizados, asegura que algunos votantes le piden que se le ponga l\u00edmites a Milei, pero otros quieren enviarle un mensaje a Macri por la falta de gesti\u00f3n. La posibilidad de un acuerdo m\u00e1s amplio despu\u00e9s del 18M. Leandro Santoro responde por qu\u00e9 LLA apunta en la Ciudad a la figura del kirchnerismo para ganar la pelea.<\/h2>\n\n\n\n<p><a href=\"https:\/\/www.facebook.com\/sharer\/sharer.php?u=https:\/\/www.perfil.com\/noticias\/politica\/santoro-fuimos-rompiendo-el-techo-en-la-ciudad-eleccion-tras-eleccion.phtml\" target=\"_blank\" rel=\"noreferrer noopener\"><\/a><\/p>\n\n\n\n<p>El sello se llama Es Ahora Buenos Aires y el color que lo identifica es el verde. Detr\u00e1s est\u00e1 el peronismo que logr\u00f3 llegar a una lista de unidad con Leandro Santoro como el primer candidato a legislador porte\u00f1o. Pasaron muchos a\u00f1os para que este espacio vuelva a ilusionarse con ganar las elecciones en la Ciudad de Buenos Aires, escenario posible para el 18 de mayo. En la \u00faltima elecci\u00f3n como jefe de Gobierno porte\u00f1o, el actual diputado nacional lleg\u00f3 a los 32 puntos. Hoy la dispersi\u00f3n electoral le puede quitar algunos votos, pero los pron\u00f3sticos lo posicionan primero.<\/p>\n\n\n\n<p>\u2014\u00bfQu\u00e9 se juega en Capital Federal? Porque es una campa\u00f1a nacionalizada y esta \u00faltima semana estuvo copada por la interna libertaria y del PRO.<\/p>\n\n\n\n<p>\u2014Nos vamos a enterar qu\u00e9 se jug\u00f3 despu\u00e9s de las elecciones, cuando tengamos el resultado puesto. Lo que se juega se fue resignificando, porque con el desdoblamiento se supon\u00eda que \u00edbamos a discutir temas locales, para eso la Ciudad iba a tener un d\u00eda especial para poder votar. Pero el Presidente decidi\u00f3 despu\u00e9s poner a su vocero y plebiscitar su gobierno en una elecci\u00f3n porte\u00f1a que no tendr\u00eda mucho sentido, en el medio pas\u00f3 de todo y probablemente siga pasando, en estos \u00faltimos d\u00edas como la disputa que se est\u00e1 dando entre ellos por el liderazgo de la derecha.<\/p>\n\n\n\n<p>Esto no les gusta a los autoritarios<\/p>\n\n\n\n<p>El ejercicio del periodismo profesional y cr\u00edtico es un pilar fundamental de la democracia. Por eso molesta a quienes creen ser los due\u00f1os de la verdad.<\/p>\n\n\n\n<p>\u2014\u00bfPor qu\u00e9 el peronismo tiene posibilidades despu\u00e9s de tantos a\u00f1os de ganar una elecci\u00f3n en la Ciudad?<\/p>\n\n\n\n<p>\u2014Primero, porque hace mucho tiempo que venimos recorriendo la Ciudad y construimos un espacio en el que est\u00e1 el peronismo adentro y hay otros sectores pol\u00edticos que no son de tradici\u00f3n peronista, pero que forman parte de la coalici\u00f3n Es Ahora Buenos Aires. \u00bfPor qu\u00e9 tenemos chance? Porque nos tomamos en serio el trabajo de recorrer la Ciudad, de construir una propuesta y de recorrer los barrios. Despu\u00e9s, la discusi\u00f3n se nacionaliza, pero la verdad es que nosotros arrancamos muy bien, porque ten\u00edamos una lectura de los problemas de la Ciudad. Despu\u00e9s, hay una novedad que es que la coalici\u00f3n de gobierno explota antes de perder una elecci\u00f3n. Eso no pas\u00f3 antes, en general, las coaliciones explotaban despu\u00e9s y ac\u00e1 la coalici\u00f3n de gobierno que es el PRO, el radicalismo, Partido Socialista, Confianza P\u00fablica, Coalici\u00f3n C\u00edvica y Larreta explot\u00f3 antes. \u00bfPor qu\u00e9? Y bueno, entre otras cosas, porque hay una percepci\u00f3n general de que la gesti\u00f3n es muy mala y que hay muchas posibilidades de que se pierda, se anticiparon a una posible derrota, cada uno hizo la suya y nosotros venimos con un laburo muy firme en lo territorial, que yo creo que est\u00e1 dando sus resultados.<\/p>\n\n\n\n<p>\u2014\u00bfEl electorado nacionaliz\u00f3 la elecci\u00f3n? La pol\u00edtica s\u00ed, los medios s\u00ed, pero \u00bfel electorado tambi\u00e9n lo hizo?<\/p>\n\n\n\n<p>\u2014Depende de los barrios. En la zona sur me piden que le ponga l\u00edmite a Milei y en la zona del cord\u00f3n de Rivadavia me piden que lo despertemos a Macri porque la Ciudad est\u00e1 abandonada, hay una necesidad de llamar la atenci\u00f3n sobre un estado de abandono y deterioro general de la Ciudad.<\/p>\n\n\n\n<p>En otros lugares el problema de la inseguridad o el problema de la basura est\u00e1n en la agenda cotidiana. De todos modos, creo que la sociedad finalmente los identifica a los dos, a Milei y a Macri, como parte del mismo proyecto. No creo que los distingan.<\/p>\n\n\n\n<p>\u2014La campa\u00f1a de La Libertad Avanza es contra el kirchnerismo\u2026<\/p>\n\n\n\n<p>\u2014Ins\u00f3lito porque hace 18 a\u00f1os que gobierna el PRO en la Ciudad.<\/p>\n\n\n\n<p>\u2014\u00bfNo tiene que ver con que al porte\u00f1o, cuando se le menciona la palabra kirchnerismo le repele?<\/p>\n\n\n\n<p>\u2014Ellos usan el concepto kirchnerismo como una descalificaci\u00f3n, pero porque tienen en su forma de razonar la idea de que es el conflicto el que ordena la pol\u00edtica y la radicalizaci\u00f3n del conflicto extremo y ya llegamos al absurdo, que ahora hablan del macrismo como kirchnerismo de buenos modales. Trabajan en una estrategia similar a la que trabaja Trump cuando construye en los inmigrantes la explicaci\u00f3n de la frustraci\u00f3n del sue\u00f1o americano. Dice, \u201cBueno, \u00bfpor qu\u00e9 no hay trabajo? Porque los inmigrantes te lo sacan\u201d. Demonizan y llegan al extremo de decir que los inmigrantes haitianos se com\u00edan a las mascotas de los vecinos de Springfield.<\/p>\n\n\n\n<p>Ellos hacen algo parecido ac\u00e1, identifican a un enemigo que le pusieron el nombre de kirchnerismo y buscan orientar el resentimiento y la ira de la sociedad.<\/p>\n\n\n\n<p>\u2014Mientras tanto hay un sector de la ciudadan\u00eda mayoritario que banca estas cosas, y a un gobierno que muchos auguraban llegar a esta fecha en peores condiciones.<\/p>\n\n\n\n<p>\u2014La explicaci\u00f3n de eso es la estabilidad cambiaria. Milei advirti\u00f3 que iba a generar una estanflaci\u00f3n y anticip\u00f3 que iba a haber un proceso de p\u00e9rdida de poder adquisitivo del salario y de p\u00e9rdida de fuentes laborales. Entonces, hay mucha gente que dice: \u201cbueno, nos avis\u00f3 que esto iba a pasar\u201d. Hab\u00eda mucha gente que dec\u00eda que el d\u00f3lar se iba a disparar despu\u00e9s de la salida del cepo y como sale con un cr\u00e9dito millonario del FMI y el apoyo de Estados Unidos se produce un efecto confianza, como consecuencia que hace parecer a Milei bajo control respecto de las variables macroecon\u00f3micas y probablemente, eso le permite ganar tiempo.<\/p>\n\n\n\n<p>\u2014Vas a ir a la Legislatura, \u00bfa qu\u00e9?<\/p>\n\n\n\n<p>\u2014Nosotros propusimos dar un debate a fondo sobre la tercerizaci\u00f3n de bienes p\u00fablicos. Hay empresas privadas que se hacen cargo de la concesi\u00f3n de responsabilidades estatales, por ejemplo, la basura, el subte, el control de plagas, el corte de ramas, el arreglo de veredas. Est\u00e1 todo tercerizado y as\u00ed como hicimos con las gr\u00faas, poque logramos voltear ese contrato precario e irregular que estaba extendido durante veinte a\u00f1os, vamos a investigar cada uno de los contratos con esas empresas tercerizadas para ver si se cumple o no se cumple, lo que se tiene que cumplir.<\/p>\n\n\n\n<p>\u2014Esta elecci\u00f3n puede definir qu\u00e9 pasa con la alianza entre La Libertad Avanza y el PRO. \u00bfQu\u00e9 define dentro de Uni\u00f3n por la Patria?<\/p>\n\n\n\n<p>\u2014Nosotros nos tomamos el trabajo de hablar con todos y de construir una lista de unidad, y adem\u00e1s, ese di\u00e1logo no solamente implic\u00f3 sintetizar las diferencias internas, sino convencer a todos que el desaf\u00edo era ampliar much\u00edsimo el espacio para llegar al 50 + 1, que es lo que necesit\u00e1s para ganar la Ciudad. Eso obliga a tener una pol\u00edtica de amplitud para ser mayoritarios y eso implica aceptar la heterogeneidad de esa construcci\u00f3n. Si no, no lleg\u00e1s a esa mayor\u00eda y te resign\u00e1s a la pelea por el poder.<\/p>\n\n\n\n<p>\u2014\u00bfY la amplitud es hasta ac\u00e1 o hay m\u00e1s? Porque el peronismo tiene un techo en la Ciudad.<\/p>\n\n\n\n<p>\u2014Nosotros fuimos rompiendo el techo elecci\u00f3n tras elecci\u00f3n, vamos a ver y esperar qu\u00e9 hacen otras fuerzas cuando terminen estos comicios, vamos a hablar con todos. El peronismo siempre andaba en un promedio del 20%. Hoy se cumplen diez a\u00f1os de cuando acompa\u00f1\u00e9 a Mariano Recalde en la f\u00f3rmula, salimos terceros y sacamos 20 puntos.<\/p>\n\n\n\n<p><\/p>\n","protected":false},"excerpt":{"rendered":"<p>A una semana de la elecci\u00f3n, el candidato a legislador porte\u00f1o de Es Ahora Buenos Aires se muestra<\/p>\n","protected":false},"author":2,"featured_media":81340,"comment_status":"open","ping_status":"open","sticky":false,"template":"","format":"image","meta":{"footnotes":""},"categories":[15],"tags":[],"class_list":["post-81339","post","type-post","status-publish","format-image","has-post-thumbnail","hentry","category-nacional","post_format-post-format-image"],"featured_image_urls":{"full":["https:\/\/radiolarioja.com.ar\/rlr\/wp-content\/uploads\/2025\/05\/1001886799.webp",570,321,false],"thumbnail":["https:\/\/radiolarioja.com.ar\/rlr\/wp-content\/uploads\/2025\/05\/1001886799-150x150.webp",150,150,true],"medium":["https:\/\/radiolarioja.com.ar\/rlr\/wp-content\/uploads\/2025\/05\/1001886799-300x169.webp",300,169,true],"medium_large":["https:\/\/radiolarioja.com.ar\/rlr\/wp-content\/uploads\/2025\/05\/1001886799.webp",570,321,false],"large":["https:\/\/radiolarioja.com.ar\/rlr\/wp-content\/uploads\/2025\/05\/1001886799.webp",570,321,false],"1536x1536":["https:\/\/radiolarioja.com.ar\/rlr\/wp-content\/uploads\/2025\/05\/1001886799.webp",570,321,false],"2048x2048":["https:\/\/radiolarioja.com.ar\/rlr\/wp-content\/uploads\/2025\/05\/1001886799.webp",570,321,false],"morenews-large":["https:\/\/radiolarioja.com.ar\/rlr\/wp-content\/uploads\/2025\/05\/1001886799.webp",570,321,false],"morenews-medium":["https:\/\/radiolarioja.com.ar\/rlr\/wp-content\/uploads\/2025\/05\/1001886799.webp",570,321,false]},"author_info":{"info":["RadioLaRioja"]},"category_info":"<a href=\"https:\/\/radiolarioja.com.ar\/rlr\/category\/nacional\/\" rel=\"category tag\">Nacional<\/a>","tag_info":"Nacional","comment_count":"0","_links":{"self":[{"href":"https:\/\/radiolarioja.com.ar\/rlr\/wp-json\/wp\/v2\/posts\/81339","targetHints":{"allow":["GET"]}}],"collection":[{"href":"https:\/\/radiolarioja.com.ar\/rlr\/wp-json\/wp\/v2\/posts"}],"about":[{"href":"https:\/\/radiolarioja.com.ar\/rlr\/wp-json\/wp\/v2\/types\/post"}],"author":[{"embeddable":true,"href":"https:\/\/radiolarioja.com.ar\/rlr\/wp-json\/wp\/v2\/users\/2"}],"replies":[{"embeddable":true,"href":"https:\/\/radiolarioja.com.ar\/rlr\/wp-json\/wp\/v2\/comments?post=81339"}],"version-history":[{"count":1,"href":"https:\/\/radiolarioja.com.ar\/rlr\/wp-json\/wp\/v2\/posts\/81339\/revisions"}],"predecessor-version":[{"id":81341,"href":"https:\/\/radiolarioja.com.ar\/rlr\/wp-json\/wp\/v2\/posts\/81339\/revisions\/81341"}],"wp:featuredmedia":[{"embeddable":true,"href":"https:\/\/radiolarioja.com.ar\/rlr\/wp-json\/wp\/v2\/media\/81340"}],"wp:attachment":[{"href":"https:\/\/radiolarioja.com.ar\/rlr\/wp-json\/wp\/v2\/media?parent=81339"}],"wp:term":[{"taxonomy":"category","embeddable":true,"href":"https:\/\/radiolarioja.com.ar\/rlr\/wp-json\/wp\/v2\/categories?post=81339"},{"taxonomy":"post_tag","embeddable":true,"href":"https:\/\/radiolarioja.com.ar\/rlr\/wp-json\/wp\/v2\/tags?post=81339"}],"curies":[{"name":"wp","href":"https:\/\/api.w.org\/{rel}","templated":true}]}}