{"id":81328,"date":"2025-05-06T21:59:04","date_gmt":"2025-05-07T00:59:04","guid":{"rendered":"https:\/\/radiolarioja.com.ar\/rlr\/?p=81328"},"modified":"2025-05-06T21:59:04","modified_gmt":"2025-05-07T00:59:04","slug":"diputados-logro-el-dictamen-para-la-baja-de-la-edad-de-imputabilidad","status":"publish","type":"post","link":"https:\/\/radiolarioja.com.ar\/rlr\/diputados-logro-el-dictamen-para-la-baja-de-la-edad-de-imputabilidad\/","title":{"rendered":"DIPUTADOS LOGR\u00d3 EL DICT\u00c1MEN PARA LA BAJA DE LA EDAD DE IMPUTABILIDAD"},"content":{"rendered":"\n<p><br><em>DIPUTADOS LOGR\u00d3 EL DICT\u00c1MEN PARA LA BAJA DE LA EDAD DE IMPUTABILIDAD<\/em><\/p>\n\n\n\n<p>En plenario de comisiones, en el que la voz cantante la llev\u00f3 la diputada del PRO, <em>Laura Rodr\u00edguez Machado<\/em>, el oficialismo junto a sus aliados parlamentarios lograron juntar las firmas necesarias que permitiran avanzar con la baja de 16 a 14 de la edad de imputabilidad.<\/p>\n\n\n\n<p>El proyecto original que hab\u00edan enviado los ministros de Seguridad y de Defensa, <em>Patricia Bullrich<\/em> y <em>Luis Petri<\/em>, establec\u00eda un piso de 13 a\u00f1os. Sin embargo, el oficialismo defini\u00f3 consensuar en 14 para poder tener un acompa\u00f1amiento que le asegure el dictamen de mayor\u00eda frente a los 15 proyectos que hab\u00eda en debate en el plenario de las comisiones de Legislaci\u00f3n Penal, que preside Laura Machado (PRO), de Familias, Ni\u00f1ez y Juventudes, a cargo de Roxana Reyes (UCR); de Presupuesto, que encabeza Jos\u00e9 Luis Espert (La Libertad Avanza); y de Justicia, que conduce el libertario Manuel Quintar.<\/p>\n\n\n\n<figure class=\"wp-block-image size-full\"><a href=\"https:\/\/radiolarioja.com.ar\/rlr\/wp-content\/uploads\/2025\/05\/1001861295.jpg\"><img fetchpriority=\"high\" decoding=\"async\" width=\"420\" height=\"280\" src=\"https:\/\/radiolarioja.com.ar\/rlr\/wp-content\/uploads\/2025\/05\/1001861295.jpg\" alt=\"\" class=\"wp-image-81329\" srcset=\"https:\/\/radiolarioja.com.ar\/rlr\/wp-content\/uploads\/2025\/05\/1001861295.jpg 420w, https:\/\/radiolarioja.com.ar\/rlr\/wp-content\/uploads\/2025\/05\/1001861295-300x200.jpg 300w\" sizes=\"(max-width: 420px) 100vw, 420px\" \/><\/a><\/figure>\n","protected":false},"excerpt":{"rendered":"<p>DIPUTADOS LOGR\u00d3 EL DICT\u00c1MEN PARA LA BAJA DE LA EDAD DE IMPUTABILIDAD En plenario de comisiones, en el<\/p>\n","protected":false},"author":2,"featured_media":81329,"comment_status":"open","ping_status":"open","sticky":false,"template":"","format":"image","meta":{"footnotes":""},"categories":[12],"tags":[],"class_list":["post-81328","post","type-post","status-publish","format-image","has-post-thumbnail","hentry","category-local","post_format-post-format-image"],"featured_image_urls":{"full":["https:\/\/radiolarioja.com.ar\/rlr\/wp-content\/uploads\/2025\/05\/1001861295.jpg",420,280,false],"thumbnail":["https:\/\/radiolarioja.com.ar\/rlr\/wp-content\/uploads\/2025\/05\/1001861295-150x150.jpg",150,150,true],"medium":["https:\/\/radiolarioja.com.ar\/rlr\/wp-content\/uploads\/2025\/05\/1001861295-300x200.jpg",300,200,true],"medium_large":["https:\/\/radiolarioja.com.ar\/rlr\/wp-content\/uploads\/2025\/05\/1001861295.jpg",420,280,false],"large":["https:\/\/radiolarioja.com.ar\/rlr\/wp-content\/uploads\/2025\/05\/1001861295.jpg",420,280,false],"1536x1536":["https:\/\/radiolarioja.com.ar\/rlr\/wp-content\/uploads\/2025\/05\/1001861295.jpg",420,280,false],"2048x2048":["https:\/\/radiolarioja.com.ar\/rlr\/wp-content\/uploads\/2025\/05\/1001861295.jpg",420,280,false],"morenews-large":["https:\/\/radiolarioja.com.ar\/rlr\/wp-content\/uploads\/2025\/05\/1001861295.jpg",420,280,false],"morenews-medium":["https:\/\/radiolarioja.com.ar\/rlr\/wp-content\/uploads\/2025\/05\/1001861295.jpg",420,280,false]},"author_info":{"info":["RadioLaRioja"]},"category_info":"<a href=\"https:\/\/radiolarioja.com.ar\/rlr\/category\/local\/\" rel=\"category tag\">Local<\/a>","tag_info":"Local","comment_count":"0","_links":{"self":[{"href":"https:\/\/radiolarioja.com.ar\/rlr\/wp-json\/wp\/v2\/posts\/81328","targetHints":{"allow":["GET"]}}],"collection":[{"href":"https:\/\/radiolarioja.com.ar\/rlr\/wp-json\/wp\/v2\/posts"}],"about":[{"href":"https:\/\/radiolarioja.com.ar\/rlr\/wp-json\/wp\/v2\/types\/post"}],"author":[{"embeddable":true,"href":"https:\/\/radiolarioja.com.ar\/rlr\/wp-json\/wp\/v2\/users\/2"}],"replies":[{"embeddable":true,"href":"https:\/\/radiolarioja.com.ar\/rlr\/wp-json\/wp\/v2\/comments?post=81328"}],"version-history":[{"count":1,"href":"https:\/\/radiolarioja.com.ar\/rlr\/wp-json\/wp\/v2\/posts\/81328\/revisions"}],"predecessor-version":[{"id":81330,"href":"https:\/\/radiolarioja.com.ar\/rlr\/wp-json\/wp\/v2\/posts\/81328\/revisions\/81330"}],"wp:featuredmedia":[{"embeddable":true,"href":"https:\/\/radiolarioja.com.ar\/rlr\/wp-json\/wp\/v2\/media\/81329"}],"wp:attachment":[{"href":"https:\/\/radiolarioja.com.ar\/rlr\/wp-json\/wp\/v2\/media?parent=81328"}],"wp:term":[{"taxonomy":"category","embeddable":true,"href":"https:\/\/radiolarioja.com.ar\/rlr\/wp-json\/wp\/v2\/categories?post=81328"},{"taxonomy":"post_tag","embeddable":true,"href":"https:\/\/radiolarioja.com.ar\/rlr\/wp-json\/wp\/v2\/tags?post=81328"}],"curies":[{"name":"wp","href":"https:\/\/api.w.org\/{rel}","templated":true}]}}