{"id":81316,"date":"2025-05-08T18:34:16","date_gmt":"2025-05-08T21:34:16","guid":{"rendered":"https:\/\/radiolarioja.com.ar\/rlr\/?p=81316"},"modified":"2025-05-08T18:34:16","modified_gmt":"2025-05-08T21:34:16","slug":"el-renatre-y-uatre-reafirmaron-el-compromiso-contra-la-explotacion-de-personas-en-la-mesa-interinstitucional-realizada-en-la-rioja","status":"publish","type":"post","link":"https:\/\/radiolarioja.com.ar\/rlr\/el-renatre-y-uatre-reafirmaron-el-compromiso-contra-la-explotacion-de-personas-en-la-mesa-interinstitucional-realizada-en-la-rioja\/","title":{"rendered":"El RENATRE y UATRE reafirmaron el compromiso contra la explotaci\u00f3n de personas en la Mesa Interinstitucional realizada en La Rioja"},"content":{"rendered":"\n<p>El RENATRE particip\u00f3 de la Mesa Interinstitucional contra la Trata y Explotaci\u00f3n de personas en la Capital de la Provincia de La Rioja, desarrollada el pasado 7 de abril. El organismo contin\u00faa fortaleciendo su trabajo articulado con diferentes estamentos del Estado en la lucha contra la trata de personas y la explotaci\u00f3n laboral, particularmente en el \u00e1mbito rural.<\/p>\n\n\n\n<p>Durante el encuentro, el delegado del RENATRE La RIOJA, Emilio Roque acompa\u00f1ado del delegado regional, Guillermo Zone, destac\u00f3: \u201cLa responsabilidad y compromiso del organismo en la detecci\u00f3n, prevenci\u00f3n y erradicaci\u00f3n de estos delitos es muy importante. Tenemos que accionar r\u00e1pidamente contra estos abusos, activando todos los protocolos para proteger los derechos de los trabajadores y sus familias\u201d.<\/p>\n\n\n\n<p>Por su parte, la directora operativa del Comit\u00e9 Ejecutivo para la Lucha contra la Trata y Explotaci\u00f3n de Personas y la Protecci\u00f3n y Asistencia de las v\u00edctimas, Ver\u00f3nica Toller, brind\u00f3 la disertaci\u00f3n principal en la que profundiz\u00f3 sobre las m\u00faltiples dimensiones de la trata de personas, sus modalidades y el impacto devastador sobre las v\u00edctimas, particularmente en contextos de alta vulnerabilidad como el rural.<\/p>\n\n\n\n<p>El RENATRE Y UATRE contin\u00faa articulando pol\u00edticas de fiscalizaci\u00f3n, registraci\u00f3n laboral y asistencia a las v\u00edctimas de explotaci\u00f3n en el sector rural, donde reafirma su rol como organismo clave en la protecci\u00f3n de los trabajadores y en la erradicaci\u00f3n del trabajo infantil y la trata de personas en el campo de todo el territorio Riojano.<\/p>\n\n\n\n<figure class=\"wp-block-image size-large\"><a href=\"https:\/\/radiolarioja.com.ar\/rlr\/wp-content\/uploads\/2025\/05\/WhatsApp-Image-2025-05-08-at-16.42.18.jpeg\"><img fetchpriority=\"high\" decoding=\"async\" width=\"1024\" height=\"768\" src=\"https:\/\/radiolarioja.com.ar\/rlr\/wp-content\/uploads\/2025\/05\/WhatsApp-Image-2025-05-08-at-16.42.18-1024x768.jpeg\" alt=\"\" class=\"wp-image-81332\" srcset=\"https:\/\/radiolarioja.com.ar\/rlr\/wp-content\/uploads\/2025\/05\/WhatsApp-Image-2025-05-08-at-16.42.18-1024x768.jpeg 1024w, https:\/\/radiolarioja.com.ar\/rlr\/wp-content\/uploads\/2025\/05\/WhatsApp-Image-2025-05-08-at-16.42.18-300x225.jpeg 300w, https:\/\/radiolarioja.com.ar\/rlr\/wp-content\/uploads\/2025\/05\/WhatsApp-Image-2025-05-08-at-16.42.18-768x576.jpeg 768w, https:\/\/radiolarioja.com.ar\/rlr\/wp-content\/uploads\/2025\/05\/WhatsApp-Image-2025-05-08-at-16.42.18.jpeg 1032w\" sizes=\"(max-width: 1024px) 100vw, 1024px\" \/><\/a><\/figure>\n","protected":false},"excerpt":{"rendered":"<p>El RENATRE particip\u00f3 de la Mesa Interinstitucional contra la Trata y Explotaci\u00f3n de personas en la Capital de<\/p>\n","protected":false},"author":2,"featured_media":81332,"comment_status":"open","ping_status":"open","sticky":false,"template":"","format":"image","meta":{"footnotes":""},"categories":[12],"tags":[],"class_list":["post-81316","post","type-post","status-publish","format-image","has-post-thumbnail","hentry","category-local","post_format-post-format-image"],"featured_image_urls":{"full":["https:\/\/radiolarioja.com.ar\/rlr\/wp-content\/uploads\/2025\/05\/WhatsApp-Image-2025-05-08-at-16.42.18.jpeg",1032,774,false],"thumbnail":["https:\/\/radiolarioja.com.ar\/rlr\/wp-content\/uploads\/2025\/05\/WhatsApp-Image-2025-05-08-at-16.42.18-150x150.jpeg",150,150,true],"medium":["https:\/\/radiolarioja.com.ar\/rlr\/wp-content\/uploads\/2025\/05\/WhatsApp-Image-2025-05-08-at-16.42.18-300x225.jpeg",300,225,true],"medium_large":["https:\/\/radiolarioja.com.ar\/rlr\/wp-content\/uploads\/2025\/05\/WhatsApp-Image-2025-05-08-at-16.42.18-768x576.jpeg",640,480,true],"large":["https:\/\/radiolarioja.com.ar\/rlr\/wp-content\/uploads\/2025\/05\/WhatsApp-Image-2025-05-08-at-16.42.18-1024x768.jpeg",640,480,true],"1536x1536":["https:\/\/radiolarioja.com.ar\/rlr\/wp-content\/uploads\/2025\/05\/WhatsApp-Image-2025-05-08-at-16.42.18.jpeg",1032,774,false],"2048x2048":["https:\/\/radiolarioja.com.ar\/rlr\/wp-content\/uploads\/2025\/05\/WhatsApp-Image-2025-05-08-at-16.42.18.jpeg",1032,774,false],"morenews-large":["https:\/\/radiolarioja.com.ar\/rlr\/wp-content\/uploads\/2025\/05\/WhatsApp-Image-2025-05-08-at-16.42.18.jpeg",767,575,false],"morenews-medium":["https:\/\/radiolarioja.com.ar\/rlr\/wp-content\/uploads\/2025\/05\/WhatsApp-Image-2025-05-08-at-16.42.18.jpeg",547,410,false]},"author_info":{"info":["RadioLaRioja"]},"category_info":"<a href=\"https:\/\/radiolarioja.com.ar\/rlr\/category\/local\/\" rel=\"category tag\">Local<\/a>","tag_info":"Local","comment_count":"0","_links":{"self":[{"href":"https:\/\/radiolarioja.com.ar\/rlr\/wp-json\/wp\/v2\/posts\/81316","targetHints":{"allow":["GET"]}}],"collection":[{"href":"https:\/\/radiolarioja.com.ar\/rlr\/wp-json\/wp\/v2\/posts"}],"about":[{"href":"https:\/\/radiolarioja.com.ar\/rlr\/wp-json\/wp\/v2\/types\/post"}],"author":[{"embeddable":true,"href":"https:\/\/radiolarioja.com.ar\/rlr\/wp-json\/wp\/v2\/users\/2"}],"replies":[{"embeddable":true,"href":"https:\/\/radiolarioja.com.ar\/rlr\/wp-json\/wp\/v2\/comments?post=81316"}],"version-history":[{"count":1,"href":"https:\/\/radiolarioja.com.ar\/rlr\/wp-json\/wp\/v2\/posts\/81316\/revisions"}],"predecessor-version":[{"id":81333,"href":"https:\/\/radiolarioja.com.ar\/rlr\/wp-json\/wp\/v2\/posts\/81316\/revisions\/81333"}],"wp:featuredmedia":[{"embeddable":true,"href":"https:\/\/radiolarioja.com.ar\/rlr\/wp-json\/wp\/v2\/media\/81332"}],"wp:attachment":[{"href":"https:\/\/radiolarioja.com.ar\/rlr\/wp-json\/wp\/v2\/media?parent=81316"}],"wp:term":[{"taxonomy":"category","embeddable":true,"href":"https:\/\/radiolarioja.com.ar\/rlr\/wp-json\/wp\/v2\/categories?post=81316"},{"taxonomy":"post_tag","embeddable":true,"href":"https:\/\/radiolarioja.com.ar\/rlr\/wp-json\/wp\/v2\/tags?post=81316"}],"curies":[{"name":"wp","href":"https:\/\/api.w.org\/{rel}","templated":true}]}}