{"id":81304,"date":"2025-05-06T18:43:54","date_gmt":"2025-05-06T21:43:54","guid":{"rendered":"https:\/\/radiolarioja.com.ar\/rlr\/?p=81304"},"modified":"2025-05-06T18:43:54","modified_gmt":"2025-05-06T21:43:54","slug":"estudiantes-de-escuelas-secundarias-realizaron-promesa-historica-a-la-nueva-constitucion-provincial","status":"publish","type":"post","link":"https:\/\/radiolarioja.com.ar\/rlr\/estudiantes-de-escuelas-secundarias-realizaron-promesa-historica-a-la-nueva-constitucion-provincial\/","title":{"rendered":"Estudiantes de escuelas secundarias realizaron promesa hist\u00f3rica a la nueva Constituci\u00f3n Provincial"},"content":{"rendered":"\n<p>El gobernador Ricardo Quintela encabez\u00f3 el acto en el que m\u00e1s de 5.400 estudiantes de toda la provincia prometieron lealtad a la Constituci\u00f3n Nacional y a la recientemente reformada Constituci\u00f3n de La Rioja.<\/p>\n\n\n\n<p>Este martes, el gobernador de La Rioja, Ricardo Quintela, encabez\u00f3 el acto de promesa de lealtad a la Constituci\u00f3n Nacional y a la recientemente reformada Constituci\u00f3n Provincial, en una jornada hist\u00f3rica que reuni\u00f3 a m\u00e1s de 5.400 estudiantes de tercer a\u00f1o de escuelas secundarias de toda la provincia. La iniciativa forma parte de una pol\u00edtica educativa que busca acercar la Carta Magna a las aulas y fortalecer el compromiso ciudadano desde temprana edad.<br>El acto central se desarroll\u00f3 en las instalaciones de la Escuela Normal \u201cPedro Ignacio de Castro Barros\u201d y se replic\u00f3 de manera simult\u00e1nea, a trav\u00e9s de conexiones virtuales, en los distintos departamentos de la provincia. En total, 3.207 estudiantes realizaron la promesa en la Capital, y 2.200 en el interior provincial.<br>La propuesta se enmarca en una pol\u00edtica que apunta a acercar los contenidos de la Constituci\u00f3n reformada a las aulas, promoviendo la formaci\u00f3n ciudadana, el conocimiento de los derechos y obligaciones, y el fortalecimiento del sistema democr\u00e1tico.<\/p>\n\n\n\n<p><strong>Rol fundamental de los j\u00f3venes<br><\/strong>En su discurso, el gobernador Quintela agradeci\u00f3 a las familias y destac\u00f3 el papel fundamental de los j\u00f3venes en la construcci\u00f3n de una sociedad \u201cm\u00e1s justa, libre y soberana\u201d. Al dirigirse a los estudiantes antes de la promesa, expres\u00f3: \u201cEsto que van a hacer es una promesa de respetar, hacer respetar y cumplir con la Constituci\u00f3n Nacional y la Constituci\u00f3n Provincial. Esta nueva Constituci\u00f3n otorga muchos derechos, derechos que fueron pensados y aportados por ciudadanos y ciudadanas de nuestra provincia, que interpretaron los tiempos actuales para dejar plasmadas esas garant\u00edas en la Carta Magna reformada\u201d.<\/p>\n\n\n\n<p><strong>Compromiso c\u00edvico<br><\/strong>El ministro de Educaci\u00f3n, Ariel Mart\u00ednez, subray\u00f3 el valor del compromiso c\u00edvico: \u201cEste no es solo un acto formal, es un momento de reflexi\u00f3n. Nuestra Carta Magna no es una esperanza dormida, es un proyecto vivo que refleja nuestras luchas y sue\u00f1os. Nos invita a construir una sociedad verdaderamente inclusiva, a participar, a involucrarnos y a no ser espectadores\u201d.<br>Mart\u00ednez agreg\u00f3: \u201cNuestros estudiantes son fundamentales en la responsabilidad de sostener una democracia viva. Ese compromiso alcanza a todos los actores del Estado, y nos obliga a seguir construyendo una provincia justa y equitativa, donde el desarrollo social sea sostenido, el cuidado del ambiente y la equidad territorial sean prioridad, y donde tengamos municipios aut\u00f3nomos fuertes y cercanos que den respuesta\u201d.<\/p>\n\n\n\n<p><strong>Ampliar y garantizar derechos<br><\/strong>Por su parte, la rectora de la Escuela Normal, Mar\u00eda Pacheco Robles, tambi\u00e9n remarc\u00f3 la relevancia del acto: \u201cCada a\u00f1o esta promesa cobra m\u00e1s relevancia. La nueva Constituci\u00f3n Provincial ampl\u00eda y actualiza derechos, promueve la participaci\u00f3n de la mujer, el cuidado del medio ambiente, la valoraci\u00f3n de las ra\u00edces ind\u00edgenas, la libertad y la protecci\u00f3n de la familia\u201d. Asimismo, destac\u00f3: \u201cLa Carta Magna, en el art\u00edculo 14, nos habla sobre el derecho de ense\u00f1ar y aprender. Justamente, la Constituci\u00f3n Provincial afianza lo que dice la Constituci\u00f3n Nacional y garantiza que todos los alumnos tengan acceso a la educaci\u00f3n en todos los niveles\u201d.<br>Durante el evento, se proyect\u00f3 un video institucional sobre el pre\u00e1mbulo de la Constituci\u00f3n Provincial, seguido por las palabras de las estudiantes Tiziana S\u00e1nchez y Maite Mercado, quienes reflexionaron sobre el significado de la Constituci\u00f3n como base de la vida democr\u00e1tica: \u201cGracias a ella podemos estudiar, expresarnos y ser tratados con respeto y dignidad. No es solo un conjunto de leyes: es un compromiso con nuestra historia, nuestro presente y el futuro que queremos construir\u201d, expresaron.<br>La Constituci\u00f3n Provincial reformada, sancionada en 2024, incorpora derechos fundamentales del siglo XXI, como el acceso al agua, a la energ\u00eda, a la conectividad y a una vida digna. Adem\u00e1s, fue bendecida por el Papa Francisco durante la visita del gobernador al Vaticano el 21 de agosto de ese a\u00f1o.<\/p>\n\n\n\n<figure class=\"wp-block-gallery has-nested-images columns-default is-cropped wp-block-gallery-1 is-layout-flex wp-block-gallery-is-layout-flex\">\n<figure class=\"wp-block-image size-large\"><a href=\"https:\/\/radiolarioja.com.ar\/rlr\/wp-content\/uploads\/2025\/05\/WhatsApp-Image-2025-05-06-at-12.18.17.jpeg\"><img fetchpriority=\"high\" decoding=\"async\" width=\"1024\" height=\"809\" data-id=\"81305\" src=\"https:\/\/radiolarioja.com.ar\/rlr\/wp-content\/uploads\/2025\/05\/WhatsApp-Image-2025-05-06-at-12.18.17-1024x809.jpeg\" alt=\"\" class=\"wp-image-81305\" srcset=\"https:\/\/radiolarioja.com.ar\/rlr\/wp-content\/uploads\/2025\/05\/WhatsApp-Image-2025-05-06-at-12.18.17-1024x809.jpeg 1024w, https:\/\/radiolarioja.com.ar\/rlr\/wp-content\/uploads\/2025\/05\/WhatsApp-Image-2025-05-06-at-12.18.17-300x237.jpeg 300w, https:\/\/radiolarioja.com.ar\/rlr\/wp-content\/uploads\/2025\/05\/WhatsApp-Image-2025-05-06-at-12.18.17-768x607.jpeg 768w, https:\/\/radiolarioja.com.ar\/rlr\/wp-content\/uploads\/2025\/05\/WhatsApp-Image-2025-05-06-at-12.18.17.jpeg 1155w\" sizes=\"(max-width: 1024px) 100vw, 1024px\" \/><\/a><\/figure>\n\n\n\n<figure class=\"wp-block-image size-large\"><a href=\"https:\/\/radiolarioja.com.ar\/rlr\/wp-content\/uploads\/2025\/05\/WhatsApp-Image-2025-05-06-at-12.18.18.jpeg\"><img decoding=\"async\" width=\"1024\" height=\"684\" data-id=\"81306\" src=\"https:\/\/radiolarioja.com.ar\/rlr\/wp-content\/uploads\/2025\/05\/WhatsApp-Image-2025-05-06-at-12.18.18-1024x684.jpeg\" alt=\"\" class=\"wp-image-81306\" srcset=\"https:\/\/radiolarioja.com.ar\/rlr\/wp-content\/uploads\/2025\/05\/WhatsApp-Image-2025-05-06-at-12.18.18-1024x684.jpeg 1024w, https:\/\/radiolarioja.com.ar\/rlr\/wp-content\/uploads\/2025\/05\/WhatsApp-Image-2025-05-06-at-12.18.18-300x200.jpeg 300w, https:\/\/radiolarioja.com.ar\/rlr\/wp-content\/uploads\/2025\/05\/WhatsApp-Image-2025-05-06-at-12.18.18-768x513.jpeg 768w, https:\/\/radiolarioja.com.ar\/rlr\/wp-content\/uploads\/2025\/05\/WhatsApp-Image-2025-05-06-at-12.18.18.jpeg 1280w\" sizes=\"(max-width: 1024px) 100vw, 1024px\" \/><\/a><\/figure>\n\n\n\n<figure class=\"wp-block-image size-large\"><a href=\"https:\/\/radiolarioja.com.ar\/rlr\/wp-content\/uploads\/2025\/05\/WhatsApp-Image-2025-05-06-at-12.18.13.jpeg\"><img decoding=\"async\" width=\"1024\" height=\"681\" data-id=\"81312\" src=\"https:\/\/radiolarioja.com.ar\/rlr\/wp-content\/uploads\/2025\/05\/WhatsApp-Image-2025-05-06-at-12.18.13-1024x681.jpeg\" alt=\"\" class=\"wp-image-81312\" srcset=\"https:\/\/radiolarioja.com.ar\/rlr\/wp-content\/uploads\/2025\/05\/WhatsApp-Image-2025-05-06-at-12.18.13-1024x681.jpeg 1024w, https:\/\/radiolarioja.com.ar\/rlr\/wp-content\/uploads\/2025\/05\/WhatsApp-Image-2025-05-06-at-12.18.13-300x200.jpeg 300w, https:\/\/radiolarioja.com.ar\/rlr\/wp-content\/uploads\/2025\/05\/WhatsApp-Image-2025-05-06-at-12.18.13-768x511.jpeg 768w, https:\/\/radiolarioja.com.ar\/rlr\/wp-content\/uploads\/2025\/05\/WhatsApp-Image-2025-05-06-at-12.18.13-1536x1021.jpeg 1536w, https:\/\/radiolarioja.com.ar\/rlr\/wp-content\/uploads\/2025\/05\/WhatsApp-Image-2025-05-06-at-12.18.13.jpeg 1600w\" sizes=\"(max-width: 1024px) 100vw, 1024px\" \/><\/a><\/figure>\n\n\n\n<figure class=\"wp-block-image size-large\"><a href=\"https:\/\/radiolarioja.com.ar\/rlr\/wp-content\/uploads\/2025\/05\/WhatsApp-Image-2025-05-06-at-12.18.14.jpeg\"><img loading=\"lazy\" decoding=\"async\" width=\"1024\" height=\"681\" data-id=\"81309\" src=\"https:\/\/radiolarioja.com.ar\/rlr\/wp-content\/uploads\/2025\/05\/WhatsApp-Image-2025-05-06-at-12.18.14-1024x681.jpeg\" alt=\"\" class=\"wp-image-81309\" srcset=\"https:\/\/radiolarioja.com.ar\/rlr\/wp-content\/uploads\/2025\/05\/WhatsApp-Image-2025-05-06-at-12.18.14-1024x681.jpeg 1024w, https:\/\/radiolarioja.com.ar\/rlr\/wp-content\/uploads\/2025\/05\/WhatsApp-Image-2025-05-06-at-12.18.14-300x200.jpeg 300w, https:\/\/radiolarioja.com.ar\/rlr\/wp-content\/uploads\/2025\/05\/WhatsApp-Image-2025-05-06-at-12.18.14-768x511.jpeg 768w, https:\/\/radiolarioja.com.ar\/rlr\/wp-content\/uploads\/2025\/05\/WhatsApp-Image-2025-05-06-at-12.18.14-1536x1021.jpeg 1536w, https:\/\/radiolarioja.com.ar\/rlr\/wp-content\/uploads\/2025\/05\/WhatsApp-Image-2025-05-06-at-12.18.14.jpeg 1600w\" sizes=\"(max-width: 1024px) 100vw, 1024px\" \/><\/a><\/figure>\n\n\n\n<figure class=\"wp-block-image size-large\"><a href=\"https:\/\/radiolarioja.com.ar\/rlr\/wp-content\/uploads\/2025\/05\/WhatsApp-Image-2025-05-06-at-12.18.15-1.jpeg\"><img loading=\"lazy\" decoding=\"async\" width=\"1024\" height=\"681\" data-id=\"81313\" src=\"https:\/\/radiolarioja.com.ar\/rlr\/wp-content\/uploads\/2025\/05\/WhatsApp-Image-2025-05-06-at-12.18.15-1-1024x681.jpeg\" alt=\"\" class=\"wp-image-81313\" srcset=\"https:\/\/radiolarioja.com.ar\/rlr\/wp-content\/uploads\/2025\/05\/WhatsApp-Image-2025-05-06-at-12.18.15-1-1024x681.jpeg 1024w, https:\/\/radiolarioja.com.ar\/rlr\/wp-content\/uploads\/2025\/05\/WhatsApp-Image-2025-05-06-at-12.18.15-1-300x200.jpeg 300w, https:\/\/radiolarioja.com.ar\/rlr\/wp-content\/uploads\/2025\/05\/WhatsApp-Image-2025-05-06-at-12.18.15-1-768x511.jpeg 768w, https:\/\/radiolarioja.com.ar\/rlr\/wp-content\/uploads\/2025\/05\/WhatsApp-Image-2025-05-06-at-12.18.15-1-1536x1021.jpeg 1536w, https:\/\/radiolarioja.com.ar\/rlr\/wp-content\/uploads\/2025\/05\/WhatsApp-Image-2025-05-06-at-12.18.15-1.jpeg 1600w\" sizes=\"(max-width: 1024px) 100vw, 1024px\" \/><\/a><\/figure>\n\n\n\n<figure class=\"wp-block-image size-large\"><a href=\"https:\/\/radiolarioja.com.ar\/rlr\/wp-content\/uploads\/2025\/05\/WhatsApp-Image-2025-05-06-at-12.18.15.jpeg\"><img loading=\"lazy\" decoding=\"async\" width=\"1024\" height=\"681\" data-id=\"81314\" src=\"https:\/\/radiolarioja.com.ar\/rlr\/wp-content\/uploads\/2025\/05\/WhatsApp-Image-2025-05-06-at-12.18.15-1024x681.jpeg\" alt=\"\" class=\"wp-image-81314\" srcset=\"https:\/\/radiolarioja.com.ar\/rlr\/wp-content\/uploads\/2025\/05\/WhatsApp-Image-2025-05-06-at-12.18.15-1024x681.jpeg 1024w, https:\/\/radiolarioja.com.ar\/rlr\/wp-content\/uploads\/2025\/05\/WhatsApp-Image-2025-05-06-at-12.18.15-300x200.jpeg 300w, https:\/\/radiolarioja.com.ar\/rlr\/wp-content\/uploads\/2025\/05\/WhatsApp-Image-2025-05-06-at-12.18.15-768x511.jpeg 768w, https:\/\/radiolarioja.com.ar\/rlr\/wp-content\/uploads\/2025\/05\/WhatsApp-Image-2025-05-06-at-12.18.15-1536x1021.jpeg 1536w, https:\/\/radiolarioja.com.ar\/rlr\/wp-content\/uploads\/2025\/05\/WhatsApp-Image-2025-05-06-at-12.18.15.jpeg 1600w\" sizes=\"(max-width: 1024px) 100vw, 1024px\" \/><\/a><\/figure>\n\n\n\n<figure class=\"wp-block-image size-large\"><a href=\"https:\/\/radiolarioja.com.ar\/rlr\/wp-content\/uploads\/2025\/05\/WhatsApp-Image-2025-05-06-at-12.18.16-1.jpeg\"><img loading=\"lazy\" decoding=\"async\" width=\"1024\" height=\"684\" data-id=\"81307\" src=\"https:\/\/radiolarioja.com.ar\/rlr\/wp-content\/uploads\/2025\/05\/WhatsApp-Image-2025-05-06-at-12.18.16-1-1024x684.jpeg\" alt=\"\" class=\"wp-image-81307\" srcset=\"https:\/\/radiolarioja.com.ar\/rlr\/wp-content\/uploads\/2025\/05\/WhatsApp-Image-2025-05-06-at-12.18.16-1-1024x684.jpeg 1024w, https:\/\/radiolarioja.com.ar\/rlr\/wp-content\/uploads\/2025\/05\/WhatsApp-Image-2025-05-06-at-12.18.16-1-300x200.jpeg 300w, https:\/\/radiolarioja.com.ar\/rlr\/wp-content\/uploads\/2025\/05\/WhatsApp-Image-2025-05-06-at-12.18.16-1-768x513.jpeg 768w, https:\/\/radiolarioja.com.ar\/rlr\/wp-content\/uploads\/2025\/05\/WhatsApp-Image-2025-05-06-at-12.18.16-1.jpeg 1280w\" sizes=\"(max-width: 1024px) 100vw, 1024px\" \/><\/a><\/figure>\n\n\n\n<figure class=\"wp-block-image size-large\"><a href=\"https:\/\/radiolarioja.com.ar\/rlr\/wp-content\/uploads\/2025\/05\/WhatsApp-Image-2025-05-06-at-12.18.16.jpeg\"><img loading=\"lazy\" decoding=\"async\" width=\"1024\" height=\"681\" data-id=\"81310\" src=\"https:\/\/radiolarioja.com.ar\/rlr\/wp-content\/uploads\/2025\/05\/WhatsApp-Image-2025-05-06-at-12.18.16-1024x681.jpeg\" alt=\"\" class=\"wp-image-81310\" srcset=\"https:\/\/radiolarioja.com.ar\/rlr\/wp-content\/uploads\/2025\/05\/WhatsApp-Image-2025-05-06-at-12.18.16-1024x681.jpeg 1024w, https:\/\/radiolarioja.com.ar\/rlr\/wp-content\/uploads\/2025\/05\/WhatsApp-Image-2025-05-06-at-12.18.16-300x200.jpeg 300w, https:\/\/radiolarioja.com.ar\/rlr\/wp-content\/uploads\/2025\/05\/WhatsApp-Image-2025-05-06-at-12.18.16-768x511.jpeg 768w, https:\/\/radiolarioja.com.ar\/rlr\/wp-content\/uploads\/2025\/05\/WhatsApp-Image-2025-05-06-at-12.18.16-1536x1021.jpeg 1536w, https:\/\/radiolarioja.com.ar\/rlr\/wp-content\/uploads\/2025\/05\/WhatsApp-Image-2025-05-06-at-12.18.16.jpeg 1600w\" sizes=\"(max-width: 1024px) 100vw, 1024px\" \/><\/a><\/figure>\n\n\n\n<figure class=\"wp-block-image size-large\"><a href=\"https:\/\/radiolarioja.com.ar\/rlr\/wp-content\/uploads\/2025\/05\/WhatsApp-Image-2025-05-06-at-12.18.17-1.jpeg\"><img loading=\"lazy\" decoding=\"async\" width=\"1024\" height=\"684\" data-id=\"81308\" src=\"https:\/\/radiolarioja.com.ar\/rlr\/wp-content\/uploads\/2025\/05\/WhatsApp-Image-2025-05-06-at-12.18.17-1-1024x684.jpeg\" alt=\"\" class=\"wp-image-81308\" srcset=\"https:\/\/radiolarioja.com.ar\/rlr\/wp-content\/uploads\/2025\/05\/WhatsApp-Image-2025-05-06-at-12.18.17-1-1024x684.jpeg 1024w, https:\/\/radiolarioja.com.ar\/rlr\/wp-content\/uploads\/2025\/05\/WhatsApp-Image-2025-05-06-at-12.18.17-1-300x200.jpeg 300w, https:\/\/radiolarioja.com.ar\/rlr\/wp-content\/uploads\/2025\/05\/WhatsApp-Image-2025-05-06-at-12.18.17-1-768x513.jpeg 768w, https:\/\/radiolarioja.com.ar\/rlr\/wp-content\/uploads\/2025\/05\/WhatsApp-Image-2025-05-06-at-12.18.17-1.jpeg 1280w\" sizes=\"(max-width: 1024px) 100vw, 1024px\" \/><\/a><\/figure>\n\n\n\n<figure class=\"wp-block-image size-large\"><a href=\"https:\/\/radiolarioja.com.ar\/rlr\/wp-content\/uploads\/2025\/05\/WhatsApp-Image-2025-05-06-at-12.18.17-2.jpeg\"><img loading=\"lazy\" decoding=\"async\" width=\"1024\" height=\"684\" data-id=\"81311\" src=\"https:\/\/radiolarioja.com.ar\/rlr\/wp-content\/uploads\/2025\/05\/WhatsApp-Image-2025-05-06-at-12.18.17-2-1024x684.jpeg\" alt=\"\" class=\"wp-image-81311\" srcset=\"https:\/\/radiolarioja.com.ar\/rlr\/wp-content\/uploads\/2025\/05\/WhatsApp-Image-2025-05-06-at-12.18.17-2-1024x684.jpeg 1024w, https:\/\/radiolarioja.com.ar\/rlr\/wp-content\/uploads\/2025\/05\/WhatsApp-Image-2025-05-06-at-12.18.17-2-300x200.jpeg 300w, https:\/\/radiolarioja.com.ar\/rlr\/wp-content\/uploads\/2025\/05\/WhatsApp-Image-2025-05-06-at-12.18.17-2-768x513.jpeg 768w, https:\/\/radiolarioja.com.ar\/rlr\/wp-content\/uploads\/2025\/05\/WhatsApp-Image-2025-05-06-at-12.18.17-2.jpeg 1280w\" sizes=\"(max-width: 1024px) 100vw, 1024px\" \/><\/a><\/figure>\n<\/figure>\n","protected":false},"excerpt":{"rendered":"<p>El gobernador Ricardo Quintela encabez\u00f3 el acto en el que m\u00e1s de 5.400 estudiantes de toda la provincia<\/p>\n","protected":false},"author":2,"featured_media":81305,"comment_status":"open","ping_status":"open","sticky":false,"template":"","format":"image","meta":{"footnotes":""},"categories":[12],"tags":[],"class_list":["post-81304","post","type-post","status-publish","format-image","has-post-thumbnail","hentry","category-local","post_format-post-format-image"],"featured_image_urls":{"full":["https:\/\/radiolarioja.com.ar\/rlr\/wp-content\/uploads\/2025\/05\/WhatsApp-Image-2025-05-06-at-12.18.17.jpeg",1155,913,false],"thumbnail":["https:\/\/radiolarioja.com.ar\/rlr\/wp-content\/uploads\/2025\/05\/WhatsApp-Image-2025-05-06-at-12.18.17-150x150.jpeg",150,150,true],"medium":["https:\/\/radiolarioja.com.ar\/rlr\/wp-content\/uploads\/2025\/05\/WhatsApp-Image-2025-05-06-at-12.18.17-300x237.jpeg",300,237,true],"medium_large":["https:\/\/radiolarioja.com.ar\/rlr\/wp-content\/uploads\/2025\/05\/WhatsApp-Image-2025-05-06-at-12.18.17-768x607.jpeg",640,506,true],"large":["https:\/\/radiolarioja.com.ar\/rlr\/wp-content\/uploads\/2025\/05\/WhatsApp-Image-2025-05-06-at-12.18.17-1024x809.jpeg",640,506,true],"1536x1536":["https:\/\/radiolarioja.com.ar\/rlr\/wp-content\/uploads\/2025\/05\/WhatsApp-Image-2025-05-06-at-12.18.17.jpeg",1155,913,false],"2048x2048":["https:\/\/radiolarioja.com.ar\/rlr\/wp-content\/uploads\/2025\/05\/WhatsApp-Image-2025-05-06-at-12.18.17.jpeg",1155,913,false],"morenews-large":["https:\/\/radiolarioja.com.ar\/rlr\/wp-content\/uploads\/2025\/05\/WhatsApp-Image-2025-05-06-at-12.18.17.jpeg",727,575,false],"morenews-medium":["https:\/\/radiolarioja.com.ar\/rlr\/wp-content\/uploads\/2025\/05\/WhatsApp-Image-2025-05-06-at-12.18.17.jpeg",519,410,false]},"author_info":{"info":["RadioLaRioja"]},"category_info":"<a href=\"https:\/\/radiolarioja.com.ar\/rlr\/category\/local\/\" rel=\"category tag\">Local<\/a>","tag_info":"Local","comment_count":"0","_links":{"self":[{"href":"https:\/\/radiolarioja.com.ar\/rlr\/wp-json\/wp\/v2\/posts\/81304","targetHints":{"allow":["GET"]}}],"collection":[{"href":"https:\/\/radiolarioja.com.ar\/rlr\/wp-json\/wp\/v2\/posts"}],"about":[{"href":"https:\/\/radiolarioja.com.ar\/rlr\/wp-json\/wp\/v2\/types\/post"}],"author":[{"embeddable":true,"href":"https:\/\/radiolarioja.com.ar\/rlr\/wp-json\/wp\/v2\/users\/2"}],"replies":[{"embeddable":true,"href":"https:\/\/radiolarioja.com.ar\/rlr\/wp-json\/wp\/v2\/comments?post=81304"}],"version-history":[{"count":1,"href":"https:\/\/radiolarioja.com.ar\/rlr\/wp-json\/wp\/v2\/posts\/81304\/revisions"}],"predecessor-version":[{"id":81315,"href":"https:\/\/radiolarioja.com.ar\/rlr\/wp-json\/wp\/v2\/posts\/81304\/revisions\/81315"}],"wp:featuredmedia":[{"embeddable":true,"href":"https:\/\/radiolarioja.com.ar\/rlr\/wp-json\/wp\/v2\/media\/81305"}],"wp:attachment":[{"href":"https:\/\/radiolarioja.com.ar\/rlr\/wp-json\/wp\/v2\/media?parent=81304"}],"wp:term":[{"taxonomy":"category","embeddable":true,"href":"https:\/\/radiolarioja.com.ar\/rlr\/wp-json\/wp\/v2\/categories?post=81304"},{"taxonomy":"post_tag","embeddable":true,"href":"https:\/\/radiolarioja.com.ar\/rlr\/wp-json\/wp\/v2\/tags?post=81304"}],"curies":[{"name":"wp","href":"https:\/\/api.w.org\/{rel}","templated":true}]}}