{"id":81260,"date":"2025-04-30T23:12:47","date_gmt":"2025-05-01T02:12:47","guid":{"rendered":"https:\/\/radiolarioja.com.ar\/rlr\/?p=81260"},"modified":"2025-04-30T23:12:47","modified_gmt":"2025-05-01T02:12:47","slug":"docentes-de-la-epet-n-1-se-capacitaron-en-alfabetizacion-digital","status":"publish","type":"post","link":"https:\/\/radiolarioja.com.ar\/rlr\/docentes-de-la-epet-n-1-se-capacitaron-en-alfabetizacion-digital\/","title":{"rendered":"Docentes de la EPET N\u00b0 1 se capacitaron en alfabetizaci\u00f3n digital"},"content":{"rendered":"\n<p>Con el objetivo de brindar herramientas concretas para el acompa\u00f1amiento de estudiantes en entornos digitales, el Ministerio de Transporte y Comunicaciones llev\u00f3 adelante una capacitaci\u00f3n destinada a docentes de la EPET N\u00b0 1, en el marco del \u201cPrograma Federal de Alfabetizaci\u00f3n Digital para Grupos Vulnerables\u201d.<\/p>\n\n\n\n<p>La jornada, enfocada en la prevenci\u00f3n de riesgos en internet, estuvo a cargo de la subsecretaria de Telecomunicaciones y Planificaci\u00f3n, licenciada Eugenia Gim\u00e9nez, y de la capacitadora, licenciada Gabriela Mart\u00ednez.<br>Durante el encuentro, los docentes participaron activamente en el abordaje de tem\u00e1ticas como ciberbullying, grooming, sexting, phishing y estafas virtuales, reflexionando sobre su rol como agentes multiplicadores de conocimiento y promotores de buenas pr\u00e1cticas digitales dentro y fuera del aula.<br>\u201cEsta capacitaci\u00f3n es una herramienta clave para los docentes, porque fortalece su tarea cotidiana y los posiciona como referentes en el cuidado digital de las y los j\u00f3venes. Estos encuentros no son solo parte de una pol\u00edtica p\u00fablica sino una decisi\u00f3n del Gobierno de La Rioja, que encabeza el gobernador Ricardo Quintela, que busca garantizar derechos en un mundo cada vez m\u00e1s interconectado\u201d, expres\u00f3 Gim\u00e9nez.<br>El programa se desarrolla en distintos puntos de la provincia y contempla charlas en escuelas, municipios, centros vecinales, instituciones de formaci\u00f3n, clubes, iglesias y organizaciones de la sociedad civil. Su prop\u00f3sito es reducir la brecha digital, promover la inclusi\u00f3n social y garantizar el acceso igualitario al conocimiento en todos los sectores de la comunidad.<br>Desde el Ministerio de Transporte y Comunicaciones destacaron la alta participaci\u00f3n del cuerpo docente y el compromiso demostrado por la comunidad educativa de la EPET N\u00b0 1, que contin\u00faa form\u00e1ndose para afrontar los desaf\u00edos de una ciudadan\u00eda digital responsable, segura e inclusiva.<\/p>\n\n\n\n<figure class=\"wp-block-gallery has-nested-images columns-default is-cropped wp-block-gallery-1 is-layout-flex wp-block-gallery-is-layout-flex\">\n<figure class=\"wp-block-image size-large\"><a href=\"https:\/\/radiolarioja.com.ar\/rlr\/wp-content\/uploads\/2025\/04\/1001800850.jpg\"><img fetchpriority=\"high\" decoding=\"async\" width=\"1024\" height=\"768\" data-id=\"81263\" src=\"https:\/\/radiolarioja.com.ar\/rlr\/wp-content\/uploads\/2025\/04\/1001800850-1024x768.jpg\" alt=\"\" class=\"wp-image-81263\" srcset=\"https:\/\/radiolarioja.com.ar\/rlr\/wp-content\/uploads\/2025\/04\/1001800850-1024x768.jpg 1024w, https:\/\/radiolarioja.com.ar\/rlr\/wp-content\/uploads\/2025\/04\/1001800850-300x225.jpg 300w, https:\/\/radiolarioja.com.ar\/rlr\/wp-content\/uploads\/2025\/04\/1001800850-768x576.jpg 768w, https:\/\/radiolarioja.com.ar\/rlr\/wp-content\/uploads\/2025\/04\/1001800850-1536x1152.jpg 1536w, https:\/\/radiolarioja.com.ar\/rlr\/wp-content\/uploads\/2025\/04\/1001800850.jpg 1600w\" sizes=\"(max-width: 1024px) 100vw, 1024px\" \/><\/a><\/figure>\n\n\n\n<figure class=\"wp-block-image size-large\"><a href=\"https:\/\/radiolarioja.com.ar\/rlr\/wp-content\/uploads\/2025\/04\/1001800847.jpg\"><img decoding=\"async\" width=\"1024\" height=\"768\" data-id=\"81264\" src=\"https:\/\/radiolarioja.com.ar\/rlr\/wp-content\/uploads\/2025\/04\/1001800847-1024x768.jpg\" alt=\"\" class=\"wp-image-81264\" srcset=\"https:\/\/radiolarioja.com.ar\/rlr\/wp-content\/uploads\/2025\/04\/1001800847-1024x768.jpg 1024w, https:\/\/radiolarioja.com.ar\/rlr\/wp-content\/uploads\/2025\/04\/1001800847-300x225.jpg 300w, https:\/\/radiolarioja.com.ar\/rlr\/wp-content\/uploads\/2025\/04\/1001800847-768x576.jpg 768w, https:\/\/radiolarioja.com.ar\/rlr\/wp-content\/uploads\/2025\/04\/1001800847-1536x1152.jpg 1536w, https:\/\/radiolarioja.com.ar\/rlr\/wp-content\/uploads\/2025\/04\/1001800847.jpg 1600w\" sizes=\"(max-width: 1024px) 100vw, 1024px\" \/><\/a><\/figure>\n<\/figure>\n","protected":false},"excerpt":{"rendered":"<p>Con el objetivo de brindar herramientas concretas para el acompa\u00f1amiento de estudiantes en entornos digitales, el Ministerio de<\/p>\n","protected":false},"author":2,"featured_media":81263,"comment_status":"open","ping_status":"open","sticky":false,"template":"","format":"image","meta":{"footnotes":""},"categories":[12],"tags":[],"class_list":["post-81260","post","type-post","status-publish","format-image","has-post-thumbnail","hentry","category-local","post_format-post-format-image"],"featured_image_urls":{"full":["https:\/\/radiolarioja.com.ar\/rlr\/wp-content\/uploads\/2025\/04\/1001800850.jpg",1600,1200,false],"thumbnail":["https:\/\/radiolarioja.com.ar\/rlr\/wp-content\/uploads\/2025\/04\/1001800850-150x150.jpg",150,150,true],"medium":["https:\/\/radiolarioja.com.ar\/rlr\/wp-content\/uploads\/2025\/04\/1001800850-300x225.jpg",300,225,true],"medium_large":["https:\/\/radiolarioja.com.ar\/rlr\/wp-content\/uploads\/2025\/04\/1001800850-768x576.jpg",640,480,true],"large":["https:\/\/radiolarioja.com.ar\/rlr\/wp-content\/uploads\/2025\/04\/1001800850-1024x768.jpg",640,480,true],"1536x1536":["https:\/\/radiolarioja.com.ar\/rlr\/wp-content\/uploads\/2025\/04\/1001800850-1536x1152.jpg",1536,1152,true],"2048x2048":["https:\/\/radiolarioja.com.ar\/rlr\/wp-content\/uploads\/2025\/04\/1001800850.jpg",1600,1200,false],"morenews-large":["https:\/\/radiolarioja.com.ar\/rlr\/wp-content\/uploads\/2025\/04\/1001800850.jpg",767,575,false],"morenews-medium":["https:\/\/radiolarioja.com.ar\/rlr\/wp-content\/uploads\/2025\/04\/1001800850.jpg",547,410,false]},"author_info":{"info":["RadioLaRioja"]},"category_info":"<a href=\"https:\/\/radiolarioja.com.ar\/rlr\/category\/local\/\" rel=\"category tag\">Local<\/a>","tag_info":"Local","comment_count":"0","_links":{"self":[{"href":"https:\/\/radiolarioja.com.ar\/rlr\/wp-json\/wp\/v2\/posts\/81260","targetHints":{"allow":["GET"]}}],"collection":[{"href":"https:\/\/radiolarioja.com.ar\/rlr\/wp-json\/wp\/v2\/posts"}],"about":[{"href":"https:\/\/radiolarioja.com.ar\/rlr\/wp-json\/wp\/v2\/types\/post"}],"author":[{"embeddable":true,"href":"https:\/\/radiolarioja.com.ar\/rlr\/wp-json\/wp\/v2\/users\/2"}],"replies":[{"embeddable":true,"href":"https:\/\/radiolarioja.com.ar\/rlr\/wp-json\/wp\/v2\/comments?post=81260"}],"version-history":[{"count":1,"href":"https:\/\/radiolarioja.com.ar\/rlr\/wp-json\/wp\/v2\/posts\/81260\/revisions"}],"predecessor-version":[{"id":81265,"href":"https:\/\/radiolarioja.com.ar\/rlr\/wp-json\/wp\/v2\/posts\/81260\/revisions\/81265"}],"wp:featuredmedia":[{"embeddable":true,"href":"https:\/\/radiolarioja.com.ar\/rlr\/wp-json\/wp\/v2\/media\/81263"}],"wp:attachment":[{"href":"https:\/\/radiolarioja.com.ar\/rlr\/wp-json\/wp\/v2\/media?parent=81260"}],"wp:term":[{"taxonomy":"category","embeddable":true,"href":"https:\/\/radiolarioja.com.ar\/rlr\/wp-json\/wp\/v2\/categories?post=81260"},{"taxonomy":"post_tag","embeddable":true,"href":"https:\/\/radiolarioja.com.ar\/rlr\/wp-json\/wp\/v2\/tags?post=81260"}],"curies":[{"name":"wp","href":"https:\/\/api.w.org\/{rel}","templated":true}]}}