{"id":81233,"date":"2025-04-28T09:31:16","date_gmt":"2025-04-28T12:31:16","guid":{"rendered":"https:\/\/radiolarioja.com.ar\/rlr\/?p=81233"},"modified":"2025-04-28T09:31:16","modified_gmt":"2025-04-28T12:31:16","slug":"renatre-informo-cronogramas-de-pago-prestaciones-por-desempleo-renatre-y-asignaciones-familiares-anses","status":"publish","type":"post","link":"https:\/\/radiolarioja.com.ar\/rlr\/renatre-informo-cronogramas-de-pago-prestaciones-por-desempleo-renatre-y-asignaciones-familiares-anses\/","title":{"rendered":"Renatre inform\u00f3 cronogramas de pago, Prestaciones por Desempleo (RENATRE) y Asignaciones Familiares (ANSES)"},"content":{"rendered":"\n<figure class=\"wp-block-image size-large\"><a href=\"https:\/\/radiolarioja.com.ar\/rlr\/wp-content\/uploads\/2025\/04\/1001819739.jpg\"><img fetchpriority=\"high\" decoding=\"async\" width=\"1024\" height=\"602\" src=\"https:\/\/radiolarioja.com.ar\/rlr\/wp-content\/uploads\/2025\/04\/1001819739-1024x602.jpg\" alt=\"\" class=\"wp-image-81234\" srcset=\"https:\/\/radiolarioja.com.ar\/rlr\/wp-content\/uploads\/2025\/04\/1001819739-1024x602.jpg 1024w, https:\/\/radiolarioja.com.ar\/rlr\/wp-content\/uploads\/2025\/04\/1001819739-300x176.jpg 300w, https:\/\/radiolarioja.com.ar\/rlr\/wp-content\/uploads\/2025\/04\/1001819739-768x451.jpg 768w, https:\/\/radiolarioja.com.ar\/rlr\/wp-content\/uploads\/2025\/04\/1001819739.jpg 1280w\" sizes=\"(max-width: 1024px) 100vw, 1024px\" \/><\/a><\/figure>\n\n\n\n<p>Se informan los cronogramas de pago, Prestaciones por Desempleo (RENATRE) y Asignaciones Familiares (ANSES), para el periodo MAYO 2025, a saber:<br>Cronograma de pago PRESTACIONES POR DESEMPLEO RENATRE \u2192 MAYO 2025<br>Desde el 06-05-2025 hasta el 21-05-2025, inclusive.<\/p>\n\n\n\n<p>Cronograma de Pago Asignaciones Familiares ANSES \u2192 MAYO 2025<br>Fecha de Inicio de Pago Grupo l (doc.Term.En 0 y 1) 23\/5\/2025<br>Grupo ll (doc.Term. En 2 y 3) 26\/5\/2025<br>Grupo lll (doc.Term. En 4 y 5) 27\/5\/2025<br>Grupo lV (doc.Term. En 6 y 7) 28\/5\/2025<br>Grupo V (doc.Term. En 8 y 9) 29\/5\/2025<br>Todas las Terminaciones HASTA EL 11\/06\/2025<\/p>\n\n\n\n<p>IMPORTANTE Si al momento del pr\u00f3ximo cierre de liquidaci\u00f3n previsto para el d\u00eda 25 de abril de 2025 hubiesen quedado prestaciones por desempleo con modalidad de pago \u00abEn proceso de bancarizaci\u00f3n\u00bb o bien con resultado de apertura de cuenta \u00abRECHAZADO\u00bb, las cuotas afectadas para el mes de mayo saldr\u00e1n enviadas por el convenio 014 (pago por ventanilla) a la sucursal de radicaci\u00f3n de cuenta elegida por el trabajador\/a.<\/p>\n\n\n\n<p>Que tengan una excelente jornada.<\/p>\n\n\n\n<p>Saludos cordiales.-<\/p>\n","protected":false},"excerpt":{"rendered":"<p>Se informan los cronogramas de pago, Prestaciones por Desempleo (RENATRE) y Asignaciones Familiares (ANSES), para el periodo MAYO<\/p>\n","protected":false},"author":2,"featured_media":81234,"comment_status":"open","ping_status":"open","sticky":false,"template":"","format":"image","meta":{"footnotes":""},"categories":[12],"tags":[],"class_list":["post-81233","post","type-post","status-publish","format-image","has-post-thumbnail","hentry","category-local","post_format-post-format-image"],"featured_image_urls":{"full":["https:\/\/radiolarioja.com.ar\/rlr\/wp-content\/uploads\/2025\/04\/1001819739.jpg",1280,752,false],"thumbnail":["https:\/\/radiolarioja.com.ar\/rlr\/wp-content\/uploads\/2025\/04\/1001819739-150x150.jpg",150,150,true],"medium":["https:\/\/radiolarioja.com.ar\/rlr\/wp-content\/uploads\/2025\/04\/1001819739-300x176.jpg",300,176,true],"medium_large":["https:\/\/radiolarioja.com.ar\/rlr\/wp-content\/uploads\/2025\/04\/1001819739-768x451.jpg",640,376,true],"large":["https:\/\/radiolarioja.com.ar\/rlr\/wp-content\/uploads\/2025\/04\/1001819739-1024x602.jpg",640,376,true],"1536x1536":["https:\/\/radiolarioja.com.ar\/rlr\/wp-content\/uploads\/2025\/04\/1001819739.jpg",1280,752,false],"2048x2048":["https:\/\/radiolarioja.com.ar\/rlr\/wp-content\/uploads\/2025\/04\/1001819739.jpg",1280,752,false],"morenews-large":["https:\/\/radiolarioja.com.ar\/rlr\/wp-content\/uploads\/2025\/04\/1001819739.jpg",825,485,false],"morenews-medium":["https:\/\/radiolarioja.com.ar\/rlr\/wp-content\/uploads\/2025\/04\/1001819739.jpg",590,347,false]},"author_info":{"info":["RadioLaRioja"]},"category_info":"<a href=\"https:\/\/radiolarioja.com.ar\/rlr\/category\/local\/\" rel=\"category tag\">Local<\/a>","tag_info":"Local","comment_count":"0","_links":{"self":[{"href":"https:\/\/radiolarioja.com.ar\/rlr\/wp-json\/wp\/v2\/posts\/81233","targetHints":{"allow":["GET"]}}],"collection":[{"href":"https:\/\/radiolarioja.com.ar\/rlr\/wp-json\/wp\/v2\/posts"}],"about":[{"href":"https:\/\/radiolarioja.com.ar\/rlr\/wp-json\/wp\/v2\/types\/post"}],"author":[{"embeddable":true,"href":"https:\/\/radiolarioja.com.ar\/rlr\/wp-json\/wp\/v2\/users\/2"}],"replies":[{"embeddable":true,"href":"https:\/\/radiolarioja.com.ar\/rlr\/wp-json\/wp\/v2\/comments?post=81233"}],"version-history":[{"count":1,"href":"https:\/\/radiolarioja.com.ar\/rlr\/wp-json\/wp\/v2\/posts\/81233\/revisions"}],"predecessor-version":[{"id":81235,"href":"https:\/\/radiolarioja.com.ar\/rlr\/wp-json\/wp\/v2\/posts\/81233\/revisions\/81235"}],"wp:featuredmedia":[{"embeddable":true,"href":"https:\/\/radiolarioja.com.ar\/rlr\/wp-json\/wp\/v2\/media\/81234"}],"wp:attachment":[{"href":"https:\/\/radiolarioja.com.ar\/rlr\/wp-json\/wp\/v2\/media?parent=81233"}],"wp:term":[{"taxonomy":"category","embeddable":true,"href":"https:\/\/radiolarioja.com.ar\/rlr\/wp-json\/wp\/v2\/categories?post=81233"},{"taxonomy":"post_tag","embeddable":true,"href":"https:\/\/radiolarioja.com.ar\/rlr\/wp-json\/wp\/v2\/tags?post=81233"}],"curies":[{"name":"wp","href":"https:\/\/api.w.org\/{rel}","templated":true}]}}