{"id":81229,"date":"2025-04-26T19:36:48","date_gmt":"2025-04-26T22:36:48","guid":{"rendered":"https:\/\/radiolarioja.com.ar\/rlr\/?p=81229"},"modified":"2025-04-26T19:36:48","modified_gmt":"2025-04-26T22:36:48","slug":"el-bus-turistico-de-la-ruta-del-vino-consolida-la-experiencia-enoturistica-en-la-rioja","status":"publish","type":"post","link":"https:\/\/radiolarioja.com.ar\/rlr\/el-bus-turistico-de-la-ruta-del-vino-consolida-la-experiencia-enoturistica-en-la-rioja\/","title":{"rendered":"El Bus Tur\u00edstico de la Ruta del Vino consolida la experiencia enotur\u00edstica en La Rioja"},"content":{"rendered":"\n<p><em>La propuesta articula al sector p\u00fablico y privado en torno a un circuito que promueve el desarrollo regional y pone en valor la identidad vitivin\u00edcola de la Provincia.<\/em><\/p>\n\n\n\n<p>Con una gran convocatoria y el entusiasmo del p\u00fablico, el Bus Tur\u00edstico realiz\u00f3 su primer recorrido durante el fin de semana de Pascuas y comenz\u00f3 a consolidarse como una propuesta que promete convertirse en un atractivo para disfrutar durante todo el a\u00f1o.<br>El colectivo recorri\u00f3 la Costa Riojana, con paradas en siete destacados emprendimientos vitivin\u00edcolas que ofrecieron experiencias cargadas de sabor y tradici\u00f3n. Los 280 pasajeros que participaron vivieron una jornada \u00fanica con degustaciones de vinos, maridajes especiales, gastronom\u00eda regional, venta directa de productos y actividades ancestrales como la tradicional pisada de uvas.<br>Durante su doble turno diario, el itinerario incluy\u00f3 visitas a Finca Lomas Blancas, Bodega Cultural Cuncuna, Bodega de Aminga, Finca Vista Larga, Bodega Las Carolinas, Finca Tur\u00edstica Condorcuna y Parador Casa India. En cada parada, el vino, la cultura y la identidad riojana fueron los grandes protagonistas.<br>Esta iniciativa concreta busca fortalecer el turismo del vino en La Rioja, integrando agencias de viajes, bodegas y sitios enotur\u00edsticos, a la vez que ampl\u00eda la accesibilidad para turistas y riojanos, promocionando la identidad local.<\/p>\n\n\n\n<p>Contrataci\u00f3n del servicio<br>El Bus Tur\u00edstico \u201cRuta del Vino Riojano\u201d estar\u00e1 disponible los fines de semana y feriados largos, partiendo desde el Parque de las Juventudes en dos turnos: a las 8.30 y a las 14.<br>Los tickets pueden adquirirse en las agencias: Azahares Viajes y Turismo, Eco Aventura La Rioja, Caudillo Viajes, Corona del Inca, Gisol Viajes y Turismo, Petra Viajes, Sulpayki Viajes y Turismo, Osad\u00eda Viajes, Oser 360 y VGP Viajes.<br>M\u00e1s informaci\u00f3n en: www.turismo.larioja.gob.ar<\/p>\n\n\n\n<figure class=\"wp-block-gallery has-nested-images columns-default is-cropped wp-block-gallery-1 is-layout-flex wp-block-gallery-is-layout-flex\">\n<figure class=\"wp-block-image size-large\"><a href=\"https:\/\/radiolarioja.com.ar\/rlr\/wp-content\/uploads\/2025\/04\/1001812997.jpg\"><img fetchpriority=\"high\" decoding=\"async\" width=\"1024\" height=\"682\" data-id=\"81230\" src=\"https:\/\/radiolarioja.com.ar\/rlr\/wp-content\/uploads\/2025\/04\/1001812997-1024x682.jpg\" alt=\"\" class=\"wp-image-81230\" srcset=\"https:\/\/radiolarioja.com.ar\/rlr\/wp-content\/uploads\/2025\/04\/1001812997-1024x682.jpg 1024w, https:\/\/radiolarioja.com.ar\/rlr\/wp-content\/uploads\/2025\/04\/1001812997-300x200.jpg 300w, https:\/\/radiolarioja.com.ar\/rlr\/wp-content\/uploads\/2025\/04\/1001812997-768x512.jpg 768w, https:\/\/radiolarioja.com.ar\/rlr\/wp-content\/uploads\/2025\/04\/1001812997-1536x1023.jpg 1536w, https:\/\/radiolarioja.com.ar\/rlr\/wp-content\/uploads\/2025\/04\/1001812997.jpg 1600w\" sizes=\"(max-width: 1024px) 100vw, 1024px\" \/><\/a><\/figure>\n<\/figure>\n","protected":false},"excerpt":{"rendered":"<p>La propuesta articula al sector p\u00fablico y privado en torno a un circuito que promueve el desarrollo regional<\/p>\n","protected":false},"author":2,"featured_media":81230,"comment_status":"open","ping_status":"open","sticky":false,"template":"","format":"image","meta":{"footnotes":""},"categories":[12],"tags":[],"class_list":["post-81229","post","type-post","status-publish","format-image","has-post-thumbnail","hentry","category-local","post_format-post-format-image"],"featured_image_urls":{"full":["https:\/\/radiolarioja.com.ar\/rlr\/wp-content\/uploads\/2025\/04\/1001812997.jpg",1600,1066,false],"thumbnail":["https:\/\/radiolarioja.com.ar\/rlr\/wp-content\/uploads\/2025\/04\/1001812997-150x150.jpg",150,150,true],"medium":["https:\/\/radiolarioja.com.ar\/rlr\/wp-content\/uploads\/2025\/04\/1001812997-300x200.jpg",300,200,true],"medium_large":["https:\/\/radiolarioja.com.ar\/rlr\/wp-content\/uploads\/2025\/04\/1001812997-768x512.jpg",640,427,true],"large":["https:\/\/radiolarioja.com.ar\/rlr\/wp-content\/uploads\/2025\/04\/1001812997-1024x682.jpg",640,426,true],"1536x1536":["https:\/\/radiolarioja.com.ar\/rlr\/wp-content\/uploads\/2025\/04\/1001812997-1536x1023.jpg",1536,1023,true],"2048x2048":["https:\/\/radiolarioja.com.ar\/rlr\/wp-content\/uploads\/2025\/04\/1001812997.jpg",1600,1066,false],"morenews-large":["https:\/\/radiolarioja.com.ar\/rlr\/wp-content\/uploads\/2025\/04\/1001812997.jpg",825,550,false],"morenews-medium":["https:\/\/radiolarioja.com.ar\/rlr\/wp-content\/uploads\/2025\/04\/1001812997.jpg",590,393,false]},"author_info":{"info":["RadioLaRioja"]},"category_info":"<a href=\"https:\/\/radiolarioja.com.ar\/rlr\/category\/local\/\" rel=\"category tag\">Local<\/a>","tag_info":"Local","comment_count":"0","_links":{"self":[{"href":"https:\/\/radiolarioja.com.ar\/rlr\/wp-json\/wp\/v2\/posts\/81229","targetHints":{"allow":["GET"]}}],"collection":[{"href":"https:\/\/radiolarioja.com.ar\/rlr\/wp-json\/wp\/v2\/posts"}],"about":[{"href":"https:\/\/radiolarioja.com.ar\/rlr\/wp-json\/wp\/v2\/types\/post"}],"author":[{"embeddable":true,"href":"https:\/\/radiolarioja.com.ar\/rlr\/wp-json\/wp\/v2\/users\/2"}],"replies":[{"embeddable":true,"href":"https:\/\/radiolarioja.com.ar\/rlr\/wp-json\/wp\/v2\/comments?post=81229"}],"version-history":[{"count":1,"href":"https:\/\/radiolarioja.com.ar\/rlr\/wp-json\/wp\/v2\/posts\/81229\/revisions"}],"predecessor-version":[{"id":81231,"href":"https:\/\/radiolarioja.com.ar\/rlr\/wp-json\/wp\/v2\/posts\/81229\/revisions\/81231"}],"wp:featuredmedia":[{"embeddable":true,"href":"https:\/\/radiolarioja.com.ar\/rlr\/wp-json\/wp\/v2\/media\/81230"}],"wp:attachment":[{"href":"https:\/\/radiolarioja.com.ar\/rlr\/wp-json\/wp\/v2\/media?parent=81229"}],"wp:term":[{"taxonomy":"category","embeddable":true,"href":"https:\/\/radiolarioja.com.ar\/rlr\/wp-json\/wp\/v2\/categories?post=81229"},{"taxonomy":"post_tag","embeddable":true,"href":"https:\/\/radiolarioja.com.ar\/rlr\/wp-json\/wp\/v2\/tags?post=81229"}],"curies":[{"name":"wp","href":"https:\/\/api.w.org\/{rel}","templated":true}]}}