{"id":81225,"date":"2025-04-26T10:36:16","date_gmt":"2025-04-26T13:36:16","guid":{"rendered":"https:\/\/radiolarioja.com.ar\/rlr\/?p=81225"},"modified":"2025-04-26T19:35:56","modified_gmt":"2025-04-26T22:35:56","slug":"capital-operativo-integral-en-el-barrio-20-de-mayo","status":"publish","type":"post","link":"https:\/\/radiolarioja.com.ar\/rlr\/capital-operativo-integral-en-el-barrio-20-de-mayo\/","title":{"rendered":"CAPITAL: OPERATIVO INTEGRAL EN EL BARRIO 20 DE MAYO"},"content":{"rendered":"\n<p>Mediante un trabajo integral realizado por equipos operativos de distintas \u00e1reas del CEPAR Norte, el Municipio Capital se llev\u00f3 a cabo tareas de limpieza en el barrio 20 de Mayo, abarcando un \u00e1rea total de 250 m2.<\/p>\n\n\n\n<p>Las tareas consistieron en la nivelaci\u00f3n de calles con la intervenci\u00f3n de m\u00e1quinas motoniveladoras (en las calles Clodulfa Oz\u00e1n, Julio Campos y Crist\u00f3bal Col\u00f3n) y bacheo con asfalto en fr\u00edo, priorizando las inmediaciones de la Escuela Primaria N\u00b0 398 \u00a8Monse\u00f1or Angelelli\u00a8 y el Centro de Salud Primario \u201c20 de Mayo\u201d.<\/p>\n\n\n\n<p>Adem\u00e1s, se concret\u00f3 la erradicaci\u00f3n de un basural que se encontraba en la intercepci\u00f3n de las calles Clodulfa Oz\u00e1n y Gaucho Riojano. Tambi\u00e9n se realiz\u00f3 la reparaci\u00f3n de una p\u00e9rdida de agua en calle Francisca Chaparra, y el desmalezamiento y barrido en la plaza del barrio y en inmediaciones al Centro Vecinal.<\/p>\n\n\n\n<p>El Municipio sigue trabajando para lograr una Rioja m\u00e1s limpia, m\u00e1s linda.<\/p>\n\n\n\n<figure class=\"wp-block-gallery has-nested-images columns-default is-cropped wp-block-gallery-1 is-layout-flex wp-block-gallery-is-layout-flex\">\n<figure class=\"wp-block-image size-large\"><a href=\"https:\/\/radiolarioja.com.ar\/rlr\/wp-content\/uploads\/2025\/04\/1001810928.jpg\"><img fetchpriority=\"high\" decoding=\"async\" width=\"1024\" height=\"682\" data-id=\"81227\" src=\"https:\/\/radiolarioja.com.ar\/rlr\/wp-content\/uploads\/2025\/04\/1001810928-1024x682.jpg\" alt=\"\" class=\"wp-image-81227\" srcset=\"https:\/\/radiolarioja.com.ar\/rlr\/wp-content\/uploads\/2025\/04\/1001810928-1024x682.jpg 1024w, https:\/\/radiolarioja.com.ar\/rlr\/wp-content\/uploads\/2025\/04\/1001810928-300x200.jpg 300w, https:\/\/radiolarioja.com.ar\/rlr\/wp-content\/uploads\/2025\/04\/1001810928-768x512.jpg 768w, https:\/\/radiolarioja.com.ar\/rlr\/wp-content\/uploads\/2025\/04\/1001810928-1536x1023.jpg 1536w, https:\/\/radiolarioja.com.ar\/rlr\/wp-content\/uploads\/2025\/04\/1001810928.jpg 1600w\" sizes=\"(max-width: 1024px) 100vw, 1024px\" \/><\/a><\/figure>\n<\/figure>\n","protected":false},"excerpt":{"rendered":"<p>Mediante un trabajo integral realizado por equipos operativos de distintas \u00e1reas del CEPAR Norte, el Municipio Capital se<\/p>\n","protected":false},"author":2,"featured_media":81227,"comment_status":"open","ping_status":"open","sticky":false,"template":"","format":"image","meta":{"footnotes":""},"categories":[12],"tags":[],"class_list":["post-81225","post","type-post","status-publish","format-image","has-post-thumbnail","hentry","category-local","post_format-post-format-image"],"featured_image_urls":{"full":["https:\/\/radiolarioja.com.ar\/rlr\/wp-content\/uploads\/2025\/04\/1001810928.jpg",1600,1066,false],"thumbnail":["https:\/\/radiolarioja.com.ar\/rlr\/wp-content\/uploads\/2025\/04\/1001810928-150x150.jpg",150,150,true],"medium":["https:\/\/radiolarioja.com.ar\/rlr\/wp-content\/uploads\/2025\/04\/1001810928-300x200.jpg",300,200,true],"medium_large":["https:\/\/radiolarioja.com.ar\/rlr\/wp-content\/uploads\/2025\/04\/1001810928-768x512.jpg",640,427,true],"large":["https:\/\/radiolarioja.com.ar\/rlr\/wp-content\/uploads\/2025\/04\/1001810928-1024x682.jpg",640,426,true],"1536x1536":["https:\/\/radiolarioja.com.ar\/rlr\/wp-content\/uploads\/2025\/04\/1001810928-1536x1023.jpg",1536,1023,true],"2048x2048":["https:\/\/radiolarioja.com.ar\/rlr\/wp-content\/uploads\/2025\/04\/1001810928.jpg",1600,1066,false],"morenews-large":["https:\/\/radiolarioja.com.ar\/rlr\/wp-content\/uploads\/2025\/04\/1001810928.jpg",825,550,false],"morenews-medium":["https:\/\/radiolarioja.com.ar\/rlr\/wp-content\/uploads\/2025\/04\/1001810928.jpg",590,393,false]},"author_info":{"info":["RadioLaRioja"]},"category_info":"<a href=\"https:\/\/radiolarioja.com.ar\/rlr\/category\/local\/\" rel=\"category tag\">Local<\/a>","tag_info":"Local","comment_count":"0","_links":{"self":[{"href":"https:\/\/radiolarioja.com.ar\/rlr\/wp-json\/wp\/v2\/posts\/81225","targetHints":{"allow":["GET"]}}],"collection":[{"href":"https:\/\/radiolarioja.com.ar\/rlr\/wp-json\/wp\/v2\/posts"}],"about":[{"href":"https:\/\/radiolarioja.com.ar\/rlr\/wp-json\/wp\/v2\/types\/post"}],"author":[{"embeddable":true,"href":"https:\/\/radiolarioja.com.ar\/rlr\/wp-json\/wp\/v2\/users\/2"}],"replies":[{"embeddable":true,"href":"https:\/\/radiolarioja.com.ar\/rlr\/wp-json\/wp\/v2\/comments?post=81225"}],"version-history":[{"count":2,"href":"https:\/\/radiolarioja.com.ar\/rlr\/wp-json\/wp\/v2\/posts\/81225\/revisions"}],"predecessor-version":[{"id":81228,"href":"https:\/\/radiolarioja.com.ar\/rlr\/wp-json\/wp\/v2\/posts\/81225\/revisions\/81228"}],"wp:featuredmedia":[{"embeddable":true,"href":"https:\/\/radiolarioja.com.ar\/rlr\/wp-json\/wp\/v2\/media\/81227"}],"wp:attachment":[{"href":"https:\/\/radiolarioja.com.ar\/rlr\/wp-json\/wp\/v2\/media?parent=81225"}],"wp:term":[{"taxonomy":"category","embeddable":true,"href":"https:\/\/radiolarioja.com.ar\/rlr\/wp-json\/wp\/v2\/categories?post=81225"},{"taxonomy":"post_tag","embeddable":true,"href":"https:\/\/radiolarioja.com.ar\/rlr\/wp-json\/wp\/v2\/tags?post=81225"}],"curies":[{"name":"wp","href":"https:\/\/api.w.org\/{rel}","templated":true}]}}