{"id":81207,"date":"2025-04-22T19:06:36","date_gmt":"2025-04-22T22:06:36","guid":{"rendered":"https:\/\/radiolarioja.com.ar\/rlr\/?p=81207"},"modified":"2025-04-22T19:06:36","modified_gmt":"2025-04-22T22:06:36","slug":"tere-madera-llevo-las-palabras-de-esperanza-de-ricardo-quintela-a-multitudinario-acto-en-neuquen-federales-va-creciendo-en-todo-el-pais","status":"publish","type":"post","link":"https:\/\/radiolarioja.com.ar\/rlr\/tere-madera-llevo-las-palabras-de-esperanza-de-ricardo-quintela-a-multitudinario-acto-en-neuquen-federales-va-creciendo-en-todo-el-pais\/","title":{"rendered":"Tere Madera llev\u00f3 las palabras de esperanza de Ricardo Quintela a multitudinario acto en Neuqu\u00e9n: Federales va creciendo en todo el pa\u00eds"},"content":{"rendered":"\n<p>Teresita Madera, particip\u00f3 de un multitudinario acto en Rinc\u00f3n de los Sauces, Neuqu\u00e9n, convocado por los trabajadores y trabajadoras de la UOCRA, donde llev\u00f3 el mensaje de esperanza y compromiso del gobernador Ricardo Quintela, en el marco del crecimiento del espacio Federales a nivel nacional.<\/p>\n\n\n\n<p>\u201cCon los trabajadores, siempre\u201d, expres\u00f3 Madera, al destacar el rol fundamental de la UOCRA como actor clave en la industria de la construcci\u00f3n y en el desarrollo de las econom\u00edas regionales.<\/p>\n\n\n\n<p>Durante su discurso, reafirm\u00f3 el acompa\u00f1amiento al gobernador riojano como conductor del espacio Federales, al considerar que \u201chay otro camino posible\u201d, en contraposici\u00f3n al modelo nacional que promueve el ajuste, la exclusi\u00f3n y el freno a la obra p\u00fablica.<\/p>\n\n\n\n<p>\u201cCreemos en un pa\u00eds donde el trabajo vuelva a ser el motor de nuestras econom\u00edas. Mientras el gobierno nacional paraliza la obra p\u00fablica, La Rioja sigue construyendo futuro con obras esenciales para nuestra gente\u201d, se\u00f1al\u00f3 Madera.<\/p>\n\n\n\n<p>En este sentido, la vicegobernadora remarc\u00f3 que en cada rinc\u00f3n del pa\u00eds se est\u00e1n organizando quienes creen en una Argentina m\u00e1s justa, inclusiva y con oportunidades para todos. \u201cLa esperanza est\u00e1 de pie, porque nos animamos a creer en una Argentina diferente, con pol\u00edticas federales que prioricen a nuestra gente y al desarrollo productivo de las provincias\u201d.<\/p>\n\n\n\n<p>El espacio Federales, liderado por Ricardo Quintela, contin\u00faa consolid\u00e1ndose en distintos puntos del pa\u00eds, con una fuerte presencia territorial, una agenda centrada en el trabajo y la producci\u00f3n, y un claro compromiso con la defensa de los derechos sociales.<\/p>\n\n\n\n<figure class=\"wp-block-gallery has-nested-images columns-default is-cropped wp-block-gallery-1 is-layout-flex wp-block-gallery-is-layout-flex\">\n<figure class=\"wp-block-image size-large\"><a href=\"https:\/\/radiolarioja.com.ar\/rlr\/wp-content\/uploads\/2025\/04\/WhatsApp-Image-2025-04-22-at-18.08.10-1.jpeg\"><img fetchpriority=\"high\" decoding=\"async\" width=\"1024\" height=\"576\" data-id=\"81209\" src=\"https:\/\/radiolarioja.com.ar\/rlr\/wp-content\/uploads\/2025\/04\/WhatsApp-Image-2025-04-22-at-18.08.10-1-1024x576.jpeg\" alt=\"\" class=\"wp-image-81209\" srcset=\"https:\/\/radiolarioja.com.ar\/rlr\/wp-content\/uploads\/2025\/04\/WhatsApp-Image-2025-04-22-at-18.08.10-1-1024x576.jpeg 1024w, https:\/\/radiolarioja.com.ar\/rlr\/wp-content\/uploads\/2025\/04\/WhatsApp-Image-2025-04-22-at-18.08.10-1-300x169.jpeg 300w, https:\/\/radiolarioja.com.ar\/rlr\/wp-content\/uploads\/2025\/04\/WhatsApp-Image-2025-04-22-at-18.08.10-1-768x432.jpeg 768w, https:\/\/radiolarioja.com.ar\/rlr\/wp-content\/uploads\/2025\/04\/WhatsApp-Image-2025-04-22-at-18.08.10-1-1536x864.jpeg 1536w, https:\/\/radiolarioja.com.ar\/rlr\/wp-content\/uploads\/2025\/04\/WhatsApp-Image-2025-04-22-at-18.08.10-1.jpeg 1600w\" sizes=\"(max-width: 1024px) 100vw, 1024px\" \/><\/a><\/figure>\n\n\n\n<figure class=\"wp-block-image size-large\"><a href=\"https:\/\/radiolarioja.com.ar\/rlr\/wp-content\/uploads\/2025\/04\/WhatsApp-Image-2025-04-22-at-18.08.10.jpeg\"><img decoding=\"async\" width=\"895\" height=\"865\" data-id=\"81208\" src=\"https:\/\/radiolarioja.com.ar\/rlr\/wp-content\/uploads\/2025\/04\/WhatsApp-Image-2025-04-22-at-18.08.10.jpeg\" alt=\"\" class=\"wp-image-81208\" srcset=\"https:\/\/radiolarioja.com.ar\/rlr\/wp-content\/uploads\/2025\/04\/WhatsApp-Image-2025-04-22-at-18.08.10.jpeg 895w, https:\/\/radiolarioja.com.ar\/rlr\/wp-content\/uploads\/2025\/04\/WhatsApp-Image-2025-04-22-at-18.08.10-300x290.jpeg 300w, https:\/\/radiolarioja.com.ar\/rlr\/wp-content\/uploads\/2025\/04\/WhatsApp-Image-2025-04-22-at-18.08.10-768x742.jpeg 768w\" sizes=\"(max-width: 895px) 100vw, 895px\" \/><\/a><\/figure>\n<\/figure>\n","protected":false},"excerpt":{"rendered":"<p>Teresita Madera, particip\u00f3 de un multitudinario acto en Rinc\u00f3n de los Sauces, Neuqu\u00e9n, convocado por los trabajadores y<\/p>\n","protected":false},"author":2,"featured_media":81209,"comment_status":"open","ping_status":"open","sticky":false,"template":"","format":"image","meta":{"footnotes":""},"categories":[12],"tags":[],"class_list":["post-81207","post","type-post","status-publish","format-image","has-post-thumbnail","hentry","category-local","post_format-post-format-image"],"featured_image_urls":{"full":["https:\/\/radiolarioja.com.ar\/rlr\/wp-content\/uploads\/2025\/04\/WhatsApp-Image-2025-04-22-at-18.08.10-1.jpeg",1600,900,false],"thumbnail":["https:\/\/radiolarioja.com.ar\/rlr\/wp-content\/uploads\/2025\/04\/WhatsApp-Image-2025-04-22-at-18.08.10-1-150x150.jpeg",150,150,true],"medium":["https:\/\/radiolarioja.com.ar\/rlr\/wp-content\/uploads\/2025\/04\/WhatsApp-Image-2025-04-22-at-18.08.10-1-300x169.jpeg",300,169,true],"medium_large":["https:\/\/radiolarioja.com.ar\/rlr\/wp-content\/uploads\/2025\/04\/WhatsApp-Image-2025-04-22-at-18.08.10-1-768x432.jpeg",640,360,true],"large":["https:\/\/radiolarioja.com.ar\/rlr\/wp-content\/uploads\/2025\/04\/WhatsApp-Image-2025-04-22-at-18.08.10-1-1024x576.jpeg",640,360,true],"1536x1536":["https:\/\/radiolarioja.com.ar\/rlr\/wp-content\/uploads\/2025\/04\/WhatsApp-Image-2025-04-22-at-18.08.10-1-1536x864.jpeg",1536,864,true],"2048x2048":["https:\/\/radiolarioja.com.ar\/rlr\/wp-content\/uploads\/2025\/04\/WhatsApp-Image-2025-04-22-at-18.08.10-1.jpeg",1600,900,false],"morenews-large":["https:\/\/radiolarioja.com.ar\/rlr\/wp-content\/uploads\/2025\/04\/WhatsApp-Image-2025-04-22-at-18.08.10-1.jpeg",825,464,false],"morenews-medium":["https:\/\/radiolarioja.com.ar\/rlr\/wp-content\/uploads\/2025\/04\/WhatsApp-Image-2025-04-22-at-18.08.10-1.jpeg",590,332,false]},"author_info":{"info":["RadioLaRioja"]},"category_info":"<a href=\"https:\/\/radiolarioja.com.ar\/rlr\/category\/local\/\" rel=\"category tag\">Local<\/a>","tag_info":"Local","comment_count":"0","_links":{"self":[{"href":"https:\/\/radiolarioja.com.ar\/rlr\/wp-json\/wp\/v2\/posts\/81207","targetHints":{"allow":["GET"]}}],"collection":[{"href":"https:\/\/radiolarioja.com.ar\/rlr\/wp-json\/wp\/v2\/posts"}],"about":[{"href":"https:\/\/radiolarioja.com.ar\/rlr\/wp-json\/wp\/v2\/types\/post"}],"author":[{"embeddable":true,"href":"https:\/\/radiolarioja.com.ar\/rlr\/wp-json\/wp\/v2\/users\/2"}],"replies":[{"embeddable":true,"href":"https:\/\/radiolarioja.com.ar\/rlr\/wp-json\/wp\/v2\/comments?post=81207"}],"version-history":[{"count":1,"href":"https:\/\/radiolarioja.com.ar\/rlr\/wp-json\/wp\/v2\/posts\/81207\/revisions"}],"predecessor-version":[{"id":81210,"href":"https:\/\/radiolarioja.com.ar\/rlr\/wp-json\/wp\/v2\/posts\/81207\/revisions\/81210"}],"wp:featuredmedia":[{"embeddable":true,"href":"https:\/\/radiolarioja.com.ar\/rlr\/wp-json\/wp\/v2\/media\/81209"}],"wp:attachment":[{"href":"https:\/\/radiolarioja.com.ar\/rlr\/wp-json\/wp\/v2\/media?parent=81207"}],"wp:term":[{"taxonomy":"category","embeddable":true,"href":"https:\/\/radiolarioja.com.ar\/rlr\/wp-json\/wp\/v2\/categories?post=81207"},{"taxonomy":"post_tag","embeddable":true,"href":"https:\/\/radiolarioja.com.ar\/rlr\/wp-json\/wp\/v2\/tags?post=81207"}],"curies":[{"name":"wp","href":"https:\/\/api.w.org\/{rel}","templated":true}]}}