{"id":81174,"date":"2025-04-20T15:17:03","date_gmt":"2025-04-20T18:17:03","guid":{"rendered":"https:\/\/radiolarioja.com.ar\/rlr\/?p=81174"},"modified":"2025-04-20T15:17:03","modified_gmt":"2025-04-20T18:17:03","slug":"brutal-homicidio-en-san-blas-de-los-sauces","status":"publish","type":"post","link":"https:\/\/radiolarioja.com.ar\/rlr\/brutal-homicidio-en-san-blas-de-los-sauces\/","title":{"rendered":"Brutal homicidio en San Blas de los Sauces"},"content":{"rendered":"\n<p>Un joven de 31 a\u00f1os, identificado como Nicol\u00e1s Aballay, fue asesinado en la madrugada de hoy en la localidad de Las Talas (San Blas de los Sauces). El crimen ocurri\u00f3 luego de una discusi\u00f3n dentro del boliche bailable Scorpio, cuando la v\u00edctima fue interceptada mientras caminaba por la Ruta Nacional 40.Seg\u00fan fuentes policiales, el agresor, identificado como Rodrigo Urbano Exequiel Arce (29), habr\u00eda regresado en motocicleta tras ser expulsado del local y embosc\u00f3 a Aballay a unos 300 metros del boliche. La v\u00edctima recibi\u00f3 un fuerte golpe en el cr\u00e1neo que le provoc\u00f3 p\u00e9rdida de masa encef\u00e1lica.El presunto homicida fue entregado a las autoridades por su propio hermano, Mauro Arce, y qued\u00f3 detenido en la Comisar\u00eda de San Blas a disposici\u00f3n de la Jueza de Instrucci\u00f3n Sandra del Valle Molina. El personal policial no encontr\u00f3 el objeto utilizado para el ataque, por lo que se realizar\u00e1 un allanamiento en el domicilio del acusado.La fiscal\u00eda investiga las circunstancias exactas del ataque, que conmocion\u00f3 a las peque\u00f1as localidades de Las Talas y Salicas. Testigos del hecho ser\u00e1n citados a declarar mientras se esperan los resultados de la autopsia que determinar\u00e1 la causa exacta de muerte.<\/p>\n\n\n\n<p><\/p>\n\n\n\n<figure class=\"wp-block-image size-full\"><a href=\"https:\/\/radiolarioja.com.ar\/rlr\/wp-content\/uploads\/2025\/04\/1001782028.jpg\"><img fetchpriority=\"high\" decoding=\"async\" width=\"900\" height=\"600\" src=\"https:\/\/radiolarioja.com.ar\/rlr\/wp-content\/uploads\/2025\/04\/1001782028.jpg\" alt=\"\" class=\"wp-image-81175\" srcset=\"https:\/\/radiolarioja.com.ar\/rlr\/wp-content\/uploads\/2025\/04\/1001782028.jpg 900w, https:\/\/radiolarioja.com.ar\/rlr\/wp-content\/uploads\/2025\/04\/1001782028-300x200.jpg 300w, https:\/\/radiolarioja.com.ar\/rlr\/wp-content\/uploads\/2025\/04\/1001782028-768x512.jpg 768w\" sizes=\"(max-width: 900px) 100vw, 900px\" \/><\/a><\/figure>\n\n\n\n<p><\/p>\n","protected":false},"excerpt":{"rendered":"<p>Un joven de 31 a\u00f1os, identificado como Nicol\u00e1s Aballay, fue asesinado en la madrugada de hoy en la<\/p>\n","protected":false},"author":2,"featured_media":81175,"comment_status":"open","ping_status":"open","sticky":false,"template":"","format":"image","meta":{"footnotes":""},"categories":[12],"tags":[],"class_list":["post-81174","post","type-post","status-publish","format-image","has-post-thumbnail","hentry","category-local","post_format-post-format-image"],"featured_image_urls":{"full":["https:\/\/radiolarioja.com.ar\/rlr\/wp-content\/uploads\/2025\/04\/1001782028.jpg",900,600,false],"thumbnail":["https:\/\/radiolarioja.com.ar\/rlr\/wp-content\/uploads\/2025\/04\/1001782028-150x150.jpg",150,150,true],"medium":["https:\/\/radiolarioja.com.ar\/rlr\/wp-content\/uploads\/2025\/04\/1001782028-300x200.jpg",300,200,true],"medium_large":["https:\/\/radiolarioja.com.ar\/rlr\/wp-content\/uploads\/2025\/04\/1001782028-768x512.jpg",640,427,true],"large":["https:\/\/radiolarioja.com.ar\/rlr\/wp-content\/uploads\/2025\/04\/1001782028.jpg",640,427,false],"1536x1536":["https:\/\/radiolarioja.com.ar\/rlr\/wp-content\/uploads\/2025\/04\/1001782028.jpg",900,600,false],"2048x2048":["https:\/\/radiolarioja.com.ar\/rlr\/wp-content\/uploads\/2025\/04\/1001782028.jpg",900,600,false],"morenews-large":["https:\/\/radiolarioja.com.ar\/rlr\/wp-content\/uploads\/2025\/04\/1001782028.jpg",825,550,false],"morenews-medium":["https:\/\/radiolarioja.com.ar\/rlr\/wp-content\/uploads\/2025\/04\/1001782028.jpg",590,393,false]},"author_info":{"info":["RadioLaRioja"]},"category_info":"<a href=\"https:\/\/radiolarioja.com.ar\/rlr\/category\/local\/\" rel=\"category tag\">Local<\/a>","tag_info":"Local","comment_count":"0","_links":{"self":[{"href":"https:\/\/radiolarioja.com.ar\/rlr\/wp-json\/wp\/v2\/posts\/81174","targetHints":{"allow":["GET"]}}],"collection":[{"href":"https:\/\/radiolarioja.com.ar\/rlr\/wp-json\/wp\/v2\/posts"}],"about":[{"href":"https:\/\/radiolarioja.com.ar\/rlr\/wp-json\/wp\/v2\/types\/post"}],"author":[{"embeddable":true,"href":"https:\/\/radiolarioja.com.ar\/rlr\/wp-json\/wp\/v2\/users\/2"}],"replies":[{"embeddable":true,"href":"https:\/\/radiolarioja.com.ar\/rlr\/wp-json\/wp\/v2\/comments?post=81174"}],"version-history":[{"count":1,"href":"https:\/\/radiolarioja.com.ar\/rlr\/wp-json\/wp\/v2\/posts\/81174\/revisions"}],"predecessor-version":[{"id":81176,"href":"https:\/\/radiolarioja.com.ar\/rlr\/wp-json\/wp\/v2\/posts\/81174\/revisions\/81176"}],"wp:featuredmedia":[{"embeddable":true,"href":"https:\/\/radiolarioja.com.ar\/rlr\/wp-json\/wp\/v2\/media\/81175"}],"wp:attachment":[{"href":"https:\/\/radiolarioja.com.ar\/rlr\/wp-json\/wp\/v2\/media?parent=81174"}],"wp:term":[{"taxonomy":"category","embeddable":true,"href":"https:\/\/radiolarioja.com.ar\/rlr\/wp-json\/wp\/v2\/categories?post=81174"},{"taxonomy":"post_tag","embeddable":true,"href":"https:\/\/radiolarioja.com.ar\/rlr\/wp-json\/wp\/v2\/tags?post=81174"}],"curies":[{"name":"wp","href":"https:\/\/api.w.org\/{rel}","templated":true}]}}