{"id":81170,"date":"2025-04-18T18:32:24","date_gmt":"2025-04-18T21:32:24","guid":{"rendered":"https:\/\/radiolarioja.com.ar\/rlr\/?p=81170"},"modified":"2025-04-18T18:32:24","modified_gmt":"2025-04-18T21:32:24","slug":"operativo-atrapado-por-guemes-detienen-a-un-hombre-con-pedido-de-captura-en-salta","status":"publish","type":"post","link":"https:\/\/radiolarioja.com.ar\/rlr\/operativo-atrapado-por-guemes-detienen-a-un-hombre-con-pedido-de-captura-en-salta\/","title":{"rendered":"OPERATIVO \u201cATRAPADO POR G\u00dcEMES\u201d: DETIENEN A UN HOMBRE CON PEDIDO DE CAPTURA EN SALTA"},"content":{"rendered":"\n<p>En el marco del \u201cPlan G\u00fcemes\u201d implementado por el Ministerio de Seguridad Nacional con la finalidad de combatir los delitos federales en la frontera norte de la provincia de Salta, agentes de la Divisi\u00f3n Unidad Operativa Federal San Ram\u00f3n de la Nueva Or\u00e1n capturaron en dicha ciudad a un hombre que pose\u00eda un pedido de detenci\u00f3n desde enero de 2016, por \u201cDelitos contra la Propiedad y Robo Agravado\u201d.<\/p>\n\n\n\n<p>El presente operativo ocurri\u00f3 durante los habituales controles vehiculares efectuados en el ejido jurisdiccional en prevenci\u00f3n de il\u00edcitos, el cual fue implantado sobre la Ruta Nacional N\u00ba 50 a la altura del Acceso Sur. All\u00ed, los uniformados le indicaron al chofer de una camioneta 4&#215;4 que detenga su marcha para realizar la correspondiente identificaci\u00f3n y requisa.<\/p>\n\n\n\n<p>En consecuencia, al solicitar que se identifique el acompa\u00f1ante del veh\u00edculo se estableci\u00f3 mediante la compulsa del Sistema Federal de Comunicaciones Policiales (SIFCOP), que el mismo pose\u00eda un pedido de detenci\u00f3n por los delitos antes mencionados.<\/p>\n\n\n\n<p>Al efectuar la consulta pertinente al Juzgado de Primera Instancia N\u00ba1 en lo Penal de Sentencia, a cargo del Dr. Juan Gabriel Peralta, Secretar\u00eda de la Dra. Josefina Raigada, se orden\u00f3 la inmediata aprehensi\u00f3n del involucrado dado que la solicitud en cuesti\u00f3n se encontraba plenamente vigente.<\/p>\n\n\n\n<p>El imputado, de nacionalidad argentina y mayor de edad, qued\u00f3 a disposici\u00f3n del magistrado interventor a la espera de que se contin\u00fae con las actuaciones procesales de rigor.<\/p>\n\n\n\n<figure class=\"wp-block-image size-large\"><a href=\"https:\/\/radiolarioja.com.ar\/rlr\/wp-content\/uploads\/2025\/04\/1001773153.jpg\"><img fetchpriority=\"high\" decoding=\"async\" width=\"1024\" height=\"768\" src=\"https:\/\/radiolarioja.com.ar\/rlr\/wp-content\/uploads\/2025\/04\/1001773153-1024x768.jpg\" alt=\"\" class=\"wp-image-81171\" srcset=\"https:\/\/radiolarioja.com.ar\/rlr\/wp-content\/uploads\/2025\/04\/1001773153-1024x768.jpg 1024w, https:\/\/radiolarioja.com.ar\/rlr\/wp-content\/uploads\/2025\/04\/1001773153-300x225.jpg 300w, https:\/\/radiolarioja.com.ar\/rlr\/wp-content\/uploads\/2025\/04\/1001773153-768x576.jpg 768w, https:\/\/radiolarioja.com.ar\/rlr\/wp-content\/uploads\/2025\/04\/1001773153.jpg 1040w\" sizes=\"(max-width: 1024px) 100vw, 1024px\" \/><\/a><\/figure>\n","protected":false},"excerpt":{"rendered":"<p>En el marco del \u201cPlan G\u00fcemes\u201d implementado por el Ministerio de Seguridad Nacional con la finalidad de combatir<\/p>\n","protected":false},"author":2,"featured_media":81171,"comment_status":"open","ping_status":"open","sticky":false,"template":"","format":"image","meta":{"footnotes":""},"categories":[12],"tags":[],"class_list":["post-81170","post","type-post","status-publish","format-image","has-post-thumbnail","hentry","category-local","post_format-post-format-image"],"featured_image_urls":{"full":["https:\/\/radiolarioja.com.ar\/rlr\/wp-content\/uploads\/2025\/04\/1001773153.jpg",1040,780,false],"thumbnail":["https:\/\/radiolarioja.com.ar\/rlr\/wp-content\/uploads\/2025\/04\/1001773153-150x150.jpg",150,150,true],"medium":["https:\/\/radiolarioja.com.ar\/rlr\/wp-content\/uploads\/2025\/04\/1001773153-300x225.jpg",300,225,true],"medium_large":["https:\/\/radiolarioja.com.ar\/rlr\/wp-content\/uploads\/2025\/04\/1001773153-768x576.jpg",640,480,true],"large":["https:\/\/radiolarioja.com.ar\/rlr\/wp-content\/uploads\/2025\/04\/1001773153-1024x768.jpg",640,480,true],"1536x1536":["https:\/\/radiolarioja.com.ar\/rlr\/wp-content\/uploads\/2025\/04\/1001773153.jpg",1040,780,false],"2048x2048":["https:\/\/radiolarioja.com.ar\/rlr\/wp-content\/uploads\/2025\/04\/1001773153.jpg",1040,780,false],"morenews-large":["https:\/\/radiolarioja.com.ar\/rlr\/wp-content\/uploads\/2025\/04\/1001773153.jpg",767,575,false],"morenews-medium":["https:\/\/radiolarioja.com.ar\/rlr\/wp-content\/uploads\/2025\/04\/1001773153.jpg",547,410,false]},"author_info":{"info":["RadioLaRioja"]},"category_info":"<a href=\"https:\/\/radiolarioja.com.ar\/rlr\/category\/local\/\" rel=\"category tag\">Local<\/a>","tag_info":"Local","comment_count":"0","_links":{"self":[{"href":"https:\/\/radiolarioja.com.ar\/rlr\/wp-json\/wp\/v2\/posts\/81170","targetHints":{"allow":["GET"]}}],"collection":[{"href":"https:\/\/radiolarioja.com.ar\/rlr\/wp-json\/wp\/v2\/posts"}],"about":[{"href":"https:\/\/radiolarioja.com.ar\/rlr\/wp-json\/wp\/v2\/types\/post"}],"author":[{"embeddable":true,"href":"https:\/\/radiolarioja.com.ar\/rlr\/wp-json\/wp\/v2\/users\/2"}],"replies":[{"embeddable":true,"href":"https:\/\/radiolarioja.com.ar\/rlr\/wp-json\/wp\/v2\/comments?post=81170"}],"version-history":[{"count":1,"href":"https:\/\/radiolarioja.com.ar\/rlr\/wp-json\/wp\/v2\/posts\/81170\/revisions"}],"predecessor-version":[{"id":81172,"href":"https:\/\/radiolarioja.com.ar\/rlr\/wp-json\/wp\/v2\/posts\/81170\/revisions\/81172"}],"wp:featuredmedia":[{"embeddable":true,"href":"https:\/\/radiolarioja.com.ar\/rlr\/wp-json\/wp\/v2\/media\/81171"}],"wp:attachment":[{"href":"https:\/\/radiolarioja.com.ar\/rlr\/wp-json\/wp\/v2\/media?parent=81170"}],"wp:term":[{"taxonomy":"category","embeddable":true,"href":"https:\/\/radiolarioja.com.ar\/rlr\/wp-json\/wp\/v2\/categories?post=81170"},{"taxonomy":"post_tag","embeddable":true,"href":"https:\/\/radiolarioja.com.ar\/rlr\/wp-json\/wp\/v2\/tags?post=81170"}],"curies":[{"name":"wp","href":"https:\/\/api.w.org\/{rel}","templated":true}]}}