{"id":81150,"date":"2025-04-16T18:21:19","date_gmt":"2025-04-16T21:21:19","guid":{"rendered":"https:\/\/radiolarioja.com.ar\/rlr\/?p=81150"},"modified":"2025-04-16T18:21:19","modified_gmt":"2025-04-16T21:21:19","slug":"catamarca-se-despidio-del-world-travel-market-de-brasil-con-balance-muy-positivo","status":"publish","type":"post","link":"https:\/\/radiolarioja.com.ar\/rlr\/catamarca-se-despidio-del-world-travel-market-de-brasil-con-balance-muy-positivo\/","title":{"rendered":"Catamarca se despidi\u00f3 del World Travel Market de Brasil con balance muy positivo"},"content":{"rendered":"\n<p>Casi una veintena de reuniones, contactos y conversaciones avanzadas con empresas mayoristas del sector tur\u00edstico, y sinergia entre empresas para posicionar el destino Catamarca en el mercado internacional y particularmente en el de Brasil fueron los principales resultados de la misi\u00f3n oficial que represent\u00f3 a Catamarca en el <strong>World Travel Market Latin America<\/strong>, desarrollado del 14 al 16 de abril en San Pablo, Brasil.<\/p>\n\n\n\n<p>Por Catamarca participaron la secretaria de Gesti\u00f3n Tur\u00edstica, Evangelina Quarin junto a la directora de Planificaci\u00f3n Tur\u00edstica Leonor Acevedo y, por el sector privado, Cristian Fern\u00e1ndez representante de Alta Catamarca y presidente de la Asociaci\u00f3n de Agencias de Viajes de la provincia, Noelia Miranda de la agencia Los Puestos y Marcelo Coll, por Jumeal Viajes.<\/p>\n\n\n\n<p>\u201cPudimos comprobar la importancia de estar presentes en este tipo de ferias y darnos a conocer como destino, m\u00e1s que todo con los mayoristas. Creemos que es el camino correcto en la b\u00fasqueda de internacionalizar nuestro destino y de lograr que m\u00e1s turistas extranjeros elijan Catamarca\u201d, destac\u00f3 Quar\u00edn, quien tambi\u00e9n destac\u00f3 la importante cartera de contactos que se pudo generar para continuar trabajando en acuerdos que contribuyan a generar esa demanda internacional.<\/p>\n\n\n\n<p>\u201cNos fue muy bien, hicimos muchos contactos con DMC (Destination Managment Company) y operadores de San Pablo. Para nosotros esta primera experiencia es muy v\u00e1lida porque nos permiti\u00f3 conocer cu\u00e1l es la demanda internacional y qu\u00e9 necesitamos para estar a la altura\u201d, se\u00f1al\u00f3 Marcelo Coll.<\/p>\n\n\n\n<p>Por su parte desde Los Puestos agradecieron la oportunidad \u201cque fue muy positiva para las agencias\u201d y Cristian Fern\u00e1ndez consider\u00f3 que estar presentes en este mercado tur\u00edstico internacional \u201cfue muy provechoso para el destino Catamarca\u201d.<\/p>\n\n\n\n<p>En total, casi 20 reuniones con operadores mayoristas, agencias y compa\u00f1\u00edas pudieron desplegar las agencias catamarque\u00f1as en el marco del WTM Latin America, el evento empresarial tur\u00edstico m\u00e1s importante de Latinoam\u00e9rica.<\/p>\n\n\n\n<p>La presencia de la comitiva catamarque\u00f1a en Brasil fue posible por invitaci\u00f3n del INPROTUR y de la Secretar\u00eda de Turismo y Ambiente de la Naci\u00f3n, y gracias al aporte de recursos del Consejo Federal de Inversiones (CFI) destinados a impulsar el desarrollo productivo, tur\u00edstico y cultural de la provincia y fortalecer el turismo sustentable.<\/p>\n\n\n\n<figure class=\"wp-block-gallery has-nested-images columns-default is-cropped wp-block-gallery-1 is-layout-flex wp-block-gallery-is-layout-flex\">\n<figure class=\"wp-block-image size-large\"><a href=\"https:\/\/radiolarioja.com.ar\/rlr\/wp-content\/uploads\/2025\/04\/WTM-Latin-America-3-scaled.jpeg\"><img fetchpriority=\"high\" decoding=\"async\" width=\"1024\" height=\"704\" data-id=\"81152\" src=\"https:\/\/radiolarioja.com.ar\/rlr\/wp-content\/uploads\/2025\/04\/WTM-Latin-America-3-1024x704.jpeg\" alt=\"\" class=\"wp-image-81152\" srcset=\"https:\/\/radiolarioja.com.ar\/rlr\/wp-content\/uploads\/2025\/04\/WTM-Latin-America-3-1024x704.jpeg 1024w, https:\/\/radiolarioja.com.ar\/rlr\/wp-content\/uploads\/2025\/04\/WTM-Latin-America-3-300x206.jpeg 300w, https:\/\/radiolarioja.com.ar\/rlr\/wp-content\/uploads\/2025\/04\/WTM-Latin-America-3-768x528.jpeg 768w, https:\/\/radiolarioja.com.ar\/rlr\/wp-content\/uploads\/2025\/04\/WTM-Latin-America-3-1536x1056.jpeg 1536w, https:\/\/radiolarioja.com.ar\/rlr\/wp-content\/uploads\/2025\/04\/WTM-Latin-America-3-2048x1409.jpeg 2048w\" sizes=\"(max-width: 1024px) 100vw, 1024px\" \/><\/a><\/figure>\n\n\n\n<figure class=\"wp-block-image size-large\"><a href=\"https:\/\/radiolarioja.com.ar\/rlr\/wp-content\/uploads\/2025\/04\/WTM-Latin-America-1.jpeg\"><img decoding=\"async\" width=\"1024\" height=\"768\" data-id=\"81151\" src=\"https:\/\/radiolarioja.com.ar\/rlr\/wp-content\/uploads\/2025\/04\/WTM-Latin-America-1-1024x768.jpeg\" alt=\"\" class=\"wp-image-81151\" srcset=\"https:\/\/radiolarioja.com.ar\/rlr\/wp-content\/uploads\/2025\/04\/WTM-Latin-America-1-1024x768.jpeg 1024w, https:\/\/radiolarioja.com.ar\/rlr\/wp-content\/uploads\/2025\/04\/WTM-Latin-America-1-300x225.jpeg 300w, https:\/\/radiolarioja.com.ar\/rlr\/wp-content\/uploads\/2025\/04\/WTM-Latin-America-1-768x576.jpeg 768w, https:\/\/radiolarioja.com.ar\/rlr\/wp-content\/uploads\/2025\/04\/WTM-Latin-America-1-1536x1152.jpeg 1536w, https:\/\/radiolarioja.com.ar\/rlr\/wp-content\/uploads\/2025\/04\/WTM-Latin-America-1.jpeg 1600w\" sizes=\"(max-width: 1024px) 100vw, 1024px\" \/><\/a><\/figure>\n<\/figure>\n","protected":false},"excerpt":{"rendered":"<p>Casi una veintena de reuniones, contactos y conversaciones avanzadas con empresas mayoristas del sector tur\u00edstico, y sinergia entre<\/p>\n","protected":false},"author":2,"featured_media":81152,"comment_status":"open","ping_status":"open","sticky":false,"template":"","format":"image","meta":{"footnotes":""},"categories":[12],"tags":[],"class_list":["post-81150","post","type-post","status-publish","format-image","has-post-thumbnail","hentry","category-local","post_format-post-format-image"],"featured_image_urls":{"full":["https:\/\/radiolarioja.com.ar\/rlr\/wp-content\/uploads\/2025\/04\/WTM-Latin-America-3-scaled.jpeg",2560,1761,false],"thumbnail":["https:\/\/radiolarioja.com.ar\/rlr\/wp-content\/uploads\/2025\/04\/WTM-Latin-America-3-150x150.jpeg",150,150,true],"medium":["https:\/\/radiolarioja.com.ar\/rlr\/wp-content\/uploads\/2025\/04\/WTM-Latin-America-3-300x206.jpeg",300,206,true],"medium_large":["https:\/\/radiolarioja.com.ar\/rlr\/wp-content\/uploads\/2025\/04\/WTM-Latin-America-3-768x528.jpeg",640,440,true],"large":["https:\/\/radiolarioja.com.ar\/rlr\/wp-content\/uploads\/2025\/04\/WTM-Latin-America-3-1024x704.jpeg",640,440,true],"1536x1536":["https:\/\/radiolarioja.com.ar\/rlr\/wp-content\/uploads\/2025\/04\/WTM-Latin-America-3-1536x1056.jpeg",1536,1056,true],"2048x2048":["https:\/\/radiolarioja.com.ar\/rlr\/wp-content\/uploads\/2025\/04\/WTM-Latin-America-3-2048x1409.jpeg",2048,1409,true],"morenews-large":["https:\/\/radiolarioja.com.ar\/rlr\/wp-content\/uploads\/2025\/04\/WTM-Latin-America-3-scaled.jpeg",825,568,false],"morenews-medium":["https:\/\/radiolarioja.com.ar\/rlr\/wp-content\/uploads\/2025\/04\/WTM-Latin-America-3-scaled.jpeg",590,406,false]},"author_info":{"info":["RadioLaRioja"]},"category_info":"<a href=\"https:\/\/radiolarioja.com.ar\/rlr\/category\/local\/\" rel=\"category tag\">Local<\/a>","tag_info":"Local","comment_count":"0","_links":{"self":[{"href":"https:\/\/radiolarioja.com.ar\/rlr\/wp-json\/wp\/v2\/posts\/81150","targetHints":{"allow":["GET"]}}],"collection":[{"href":"https:\/\/radiolarioja.com.ar\/rlr\/wp-json\/wp\/v2\/posts"}],"about":[{"href":"https:\/\/radiolarioja.com.ar\/rlr\/wp-json\/wp\/v2\/types\/post"}],"author":[{"embeddable":true,"href":"https:\/\/radiolarioja.com.ar\/rlr\/wp-json\/wp\/v2\/users\/2"}],"replies":[{"embeddable":true,"href":"https:\/\/radiolarioja.com.ar\/rlr\/wp-json\/wp\/v2\/comments?post=81150"}],"version-history":[{"count":1,"href":"https:\/\/radiolarioja.com.ar\/rlr\/wp-json\/wp\/v2\/posts\/81150\/revisions"}],"predecessor-version":[{"id":81153,"href":"https:\/\/radiolarioja.com.ar\/rlr\/wp-json\/wp\/v2\/posts\/81150\/revisions\/81153"}],"wp:featuredmedia":[{"embeddable":true,"href":"https:\/\/radiolarioja.com.ar\/rlr\/wp-json\/wp\/v2\/media\/81152"}],"wp:attachment":[{"href":"https:\/\/radiolarioja.com.ar\/rlr\/wp-json\/wp\/v2\/media?parent=81150"}],"wp:term":[{"taxonomy":"category","embeddable":true,"href":"https:\/\/radiolarioja.com.ar\/rlr\/wp-json\/wp\/v2\/categories?post=81150"},{"taxonomy":"post_tag","embeddable":true,"href":"https:\/\/radiolarioja.com.ar\/rlr\/wp-json\/wp\/v2\/tags?post=81150"}],"curies":[{"name":"wp","href":"https:\/\/api.w.org\/{rel}","templated":true}]}}