{"id":77028,"date":"2024-09-13T18:40:04","date_gmt":"2024-09-13T21:40:04","guid":{"rendered":"https:\/\/radiolarioja.com.ar\/rlr\/?p=77028"},"modified":"2024-09-13T18:40:04","modified_gmt":"2024-09-13T21:40:04","slug":"el-ministro-perez-se-reunio-con-el-obispo-braida-por-la-mesa-de-cambio-climatico","status":"publish","type":"post","link":"https:\/\/radiolarioja.com.ar\/rlr\/el-ministro-perez-se-reunio-con-el-obispo-braida-por-la-mesa-de-cambio-climatico\/","title":{"rendered":"El ministro P\u00e9rez se reuni\u00f3 con el Obispo Braida por la Mesa de Cambio Clim\u00e1tico"},"content":{"rendered":"\n<p>El ministro de Producci\u00f3n y Ambiente, Ernesto P\u00e9rez, junto a miembros del gabinete provincial, se reunieron este viernes con el Obispo de la provincia, Date Braida, para dialogar sobre la creaci\u00f3n de una mesa de gabinete sobre cambio clim\u00e1tico en la provincia, que permitir\u00e1 integrar diversas voces y experiencias en la toma de decisiones.<\/p>\n\n\n\n<p>La reuni\u00f3n se llev\u00f3 a cabo en sede del Obispado y cont\u00f3 con la participaci\u00f3n tambi\u00e9n del secretario de Justicia provincial, Lucas Casas; Alvaro Recalde, subsecretario de Agricultura, Jacob Sa\u00fal, Inspector General de Justicia, Gast\u00f3n Porras; Coord. de la Inspecci\u00f3n Gral. de Justicia. All\u00ed, seg\u00fan explic\u00f3 P\u00e9rez a monse\u00f1or, \u201cestas acciones son objetivos de la provincia a partir del art\u00edculo 87 de la Constituci\u00f3n, que habla justamente de un gabinete sobre Cambio Clim\u00e1tico, y lo toma como un tema de pol\u00edtica de Estado. Es por eso que empezamos ahora, a trabajar en ese sentido interministerial, interreligioso, Inter club, pol\u00edtico\u201d.<br>En ese sentido, el ministro expres\u00f3 \u201cestoy convencido de que, con el apoyo del liderazgo social y espiritual del Obispo, podemos generar un impacto positivo en nuestra comunidad y avanzar hacia un futuro m\u00e1s responsable con nuestro ambiente\u201d.<\/p>\n\n\n\n<p>Asimismo, el titular de la cartera productiva\/ambiental, en la reuni\u00f3n mencion\u00f3, \u201cen la lucha contra el cambio clim\u00e1tico, la participaci\u00f3n ciudadana es esencial. En La Rioja, estamos comprometidos a crear un espacio donde las voces de todos los ciudadanos se escuchen y se integren en la toma de decisiones. El nuevo gabinete de cambio clim\u00e1tico no solo ser\u00e1 un foro para especialistas en la materia, sino tambi\u00e9n un lugar donde los ciudadanos podr\u00e1n aportar sus ideas, preocupaciones y soluciones\u201d.<\/p>\n\n\n\n<p>Por su parte, el obispo sostuvo: \u201cla participaci\u00f3n ciudadana es importante porque crea diversidad de voces, cada miembro de nuestra comunidad tiene experiencias y conocimientos \u00fanicos que pueden enriquecer nuestras pol\u00edticas ambientales\u201d.<\/p>\n\n\n\n<figure class=\"wp-block-gallery has-nested-images columns-default is-cropped wp-block-gallery-1 is-layout-flex wp-block-gallery-is-layout-flex\">\n<figure class=\"wp-block-image size-large\"><img decoding=\"async\" data-id=\"77030\" src=\"https:\/\/radiolarioja.com.ar\/rlr\/wp-content\/uploads\/2024\/09\/WhatsApp-Image-2024-09-13-at-18.14.12-1-1024x682.jpeg\" alt=\"\" class=\"wp-image-77030\"\/><\/figure>\n\n\n\n<figure class=\"wp-block-image size-large\"><img decoding=\"async\" data-id=\"77029\" src=\"https:\/\/radiolarioja.com.ar\/rlr\/wp-content\/uploads\/2024\/09\/WhatsApp-Image-2024-09-13-at-18.14.12-1024x682.jpeg\" alt=\"\" class=\"wp-image-77029\"\/><\/figure>\n<\/figure>\n","protected":false},"excerpt":{"rendered":"<p>El ministro de Producci\u00f3n y Ambiente, Ernesto P\u00e9rez, junto a miembros del gabinete provincial, se reunieron este viernes<\/p>\n","protected":false},"author":2,"featured_media":77029,"comment_status":"open","ping_status":"open","sticky":false,"template":"","format":"standard","meta":{"footnotes":""},"categories":[12],"tags":[],"class_list":["post-77028","post","type-post","status-publish","format-standard","has-post-thumbnail","hentry","category-local"],"featured_image_urls":{"full":"","thumbnail":"","medium":"","medium_large":"","large":"","1536x1536":"","2048x2048":"","morenews-large":"","morenews-medium":""},"author_info":{"info":["RadioLaRioja"]},"category_info":"<a href=\"https:\/\/radiolarioja.com.ar\/rlr\/category\/local\/\" rel=\"category tag\">Local<\/a>","tag_info":"Local","comment_count":"0","_links":{"self":[{"href":"https:\/\/radiolarioja.com.ar\/rlr\/wp-json\/wp\/v2\/posts\/77028","targetHints":{"allow":["GET"]}}],"collection":[{"href":"https:\/\/radiolarioja.com.ar\/rlr\/wp-json\/wp\/v2\/posts"}],"about":[{"href":"https:\/\/radiolarioja.com.ar\/rlr\/wp-json\/wp\/v2\/types\/post"}],"author":[{"embeddable":true,"href":"https:\/\/radiolarioja.com.ar\/rlr\/wp-json\/wp\/v2\/users\/2"}],"replies":[{"embeddable":true,"href":"https:\/\/radiolarioja.com.ar\/rlr\/wp-json\/wp\/v2\/comments?post=77028"}],"version-history":[{"count":0,"href":"https:\/\/radiolarioja.com.ar\/rlr\/wp-json\/wp\/v2\/posts\/77028\/revisions"}],"wp:featuredmedia":[{"embeddable":true,"href":"https:\/\/radiolarioja.com.ar\/rlr\/wp-json\/"}],"wp:attachment":[{"href":"https:\/\/radiolarioja.com.ar\/rlr\/wp-json\/wp\/v2\/media?parent=77028"}],"wp:term":[{"taxonomy":"category","embeddable":true,"href":"https:\/\/radiolarioja.com.ar\/rlr\/wp-json\/wp\/v2\/categories?post=77028"},{"taxonomy":"post_tag","embeddable":true,"href":"https:\/\/radiolarioja.com.ar\/rlr\/wp-json\/wp\/v2\/tags?post=77028"}],"curies":[{"name":"wp","href":"https:\/\/api.w.org\/{rel}","templated":true}]}}