{"id":76931,"date":"2024-09-10T19:45:34","date_gmt":"2024-09-10T22:45:34","guid":{"rendered":"https:\/\/radiolarioja.com.ar\/rlr\/?p=76931"},"modified":"2024-09-10T19:45:34","modified_gmt":"2024-09-10T22:45:34","slug":"jornadas-de-presentacion-del-dossier-de-la-revista-agora-conceptos-de-filosofia-claves-para-pensar-el-presente","status":"publish","type":"post","link":"https:\/\/radiolarioja.com.ar\/rlr\/jornadas-de-presentacion-del-dossier-de-la-revista-agora-conceptos-de-filosofia-claves-para-pensar-el-presente\/","title":{"rendered":"Jornadas de Presentaci\u00f3n del Dossier de la Revista \u00c1gora. Conceptos de filosof\u00eda: claves para pensar el presente"},"content":{"rendered":"\n<p><strong>Jornadas de Presentaci\u00f3n del Dossier de la Revista \u00c1gora<\/strong><\/p>\n\n\n\n<p><em>Conceptos de filosof\u00eda: claves para pensar el presente<\/em><\/p>\n\n\n\n<p><strong>D\u00eda: 20 de septiembre. Horario: 15 a 20 hs. Lugar: Departamento de Ciencias Humanas y de la Educaci\u00f3n. Aula 202, 5\u00ba modulo.<\/strong><\/p>\n\n\n\n<p><strong>Presentaci\u00f3n:<\/strong><\/p>\n\n\n\n<p>El motivo de la presente jornada es presentar el Dossier de la Revista \u00c1gora del Departamento Acad\u00e9mico de Ciencias Humanas y de la Educaci\u00f3n escrito por intelectuales de todo el pa\u00eds titulado \u201cConceptos de filosof\u00eda\u201d. La presentaci\u00f3n ser\u00e1 seguida de una jornada acad\u00e9mica cuyo objetivo es pensar el presente cultural y sociopol\u00edtico, ya sea en su dimensi\u00f3n local o global. Un presente in\u00e9dito. Argentina posee una extensa experiencia hist\u00f3rica de gobiernos neoliberales tanto en lo econ\u00f3mico como en los procesos de subjetivaci\u00f3n. Pero lo que aparece como distintivo es el maridaje que encontramos hoy entre pol\u00edticas econ\u00f3micas neoliberales extremas, el combate digital cotidiano y un discurso que reivindica valores conservadores (antigay, antifeminismo, antiigualitario, anti derechos laborales, pro familia tradicional, pro vida, etc.). Las experiencias neoliberales anteriores utilizaron el terror, el farandulismo o el marketing como dispositivos de dominaci\u00f3n, mientras que esta nueva experiencia accede al gobierno a trav\u00e9s de un consenso que ha logrado diciendo la verdad, a la vez que ejerce el poder desde el marco ideol\u00f3gico planteado en campa\u00f1a a pesar de las concesiones pragm\u00e1ticas que tuvo que hacer. Estas jornadas invitan a pensar y discutir este presente.<\/p>\n\n\n\n<p><strong>ACTIVIDAD CON CERTIFICADO<\/strong><\/p>\n\n\n\n<figure class=\"wp-block-gallery has-nested-images columns-default is-cropped wp-block-gallery-1 is-layout-flex wp-block-gallery-is-layout-flex\">\n<figure class=\"wp-block-image size-large\"><img decoding=\"async\" data-id=\"76932\" src=\"https:\/\/radiolarioja.com.ar\/rlr\/wp-content\/uploads\/2024\/09\/WhatsApp-Image-2024-09-10-at-19.03.31-1-1024x1024.jpeg\" alt=\"\" class=\"wp-image-76932\"\/><\/figure>\n\n\n\n<figure class=\"wp-block-image size-large\"><img decoding=\"async\" data-id=\"76933\" src=\"https:\/\/radiolarioja.com.ar\/rlr\/wp-content\/uploads\/2024\/09\/WhatsApp-Image-2024-09-10-at-19.03.31-1024x1024.jpeg\" alt=\"\" class=\"wp-image-76933\"\/><\/figure>\n<\/figure>\n","protected":false},"excerpt":{"rendered":"<p>Jornadas de Presentaci\u00f3n del Dossier de la Revista \u00c1gora Conceptos de filosof\u00eda: claves para pensar el presente D\u00eda:<\/p>\n","protected":false},"author":2,"featured_media":76932,"comment_status":"open","ping_status":"open","sticky":false,"template":"","format":"standard","meta":{"footnotes":""},"categories":[12],"tags":[],"class_list":["post-76931","post","type-post","status-publish","format-standard","has-post-thumbnail","hentry","category-local"],"featured_image_urls":{"full":"","thumbnail":"","medium":"","medium_large":"","large":"","1536x1536":"","2048x2048":"","morenews-large":"","morenews-medium":""},"author_info":{"info":["RadioLaRioja"]},"category_info":"<a href=\"https:\/\/radiolarioja.com.ar\/rlr\/category\/local\/\" rel=\"category tag\">Local<\/a>","tag_info":"Local","comment_count":"0","_links":{"self":[{"href":"https:\/\/radiolarioja.com.ar\/rlr\/wp-json\/wp\/v2\/posts\/76931","targetHints":{"allow":["GET"]}}],"collection":[{"href":"https:\/\/radiolarioja.com.ar\/rlr\/wp-json\/wp\/v2\/posts"}],"about":[{"href":"https:\/\/radiolarioja.com.ar\/rlr\/wp-json\/wp\/v2\/types\/post"}],"author":[{"embeddable":true,"href":"https:\/\/radiolarioja.com.ar\/rlr\/wp-json\/wp\/v2\/users\/2"}],"replies":[{"embeddable":true,"href":"https:\/\/radiolarioja.com.ar\/rlr\/wp-json\/wp\/v2\/comments?post=76931"}],"version-history":[{"count":0,"href":"https:\/\/radiolarioja.com.ar\/rlr\/wp-json\/wp\/v2\/posts\/76931\/revisions"}],"wp:featuredmedia":[{"embeddable":true,"href":"https:\/\/radiolarioja.com.ar\/rlr\/wp-json\/"}],"wp:attachment":[{"href":"https:\/\/radiolarioja.com.ar\/rlr\/wp-json\/wp\/v2\/media?parent=76931"}],"wp:term":[{"taxonomy":"category","embeddable":true,"href":"https:\/\/radiolarioja.com.ar\/rlr\/wp-json\/wp\/v2\/categories?post=76931"},{"taxonomy":"post_tag","embeddable":true,"href":"https:\/\/radiolarioja.com.ar\/rlr\/wp-json\/wp\/v2\/tags?post=76931"}],"curies":[{"name":"wp","href":"https:\/\/api.w.org\/{rel}","templated":true}]}}