{"id":75017,"date":"2024-07-17T17:44:14","date_gmt":"2024-07-17T20:44:14","guid":{"rendered":"https:\/\/radiolarioja.com.ar\/rlr\/?p=75017"},"modified":"2024-07-17T17:44:14","modified_gmt":"2024-07-17T20:44:14","slug":"se-realizaran-en-la-rioja-las-jornadas-de-paz-y-dignidad","status":"publish","type":"post","link":"https:\/\/radiolarioja.com.ar\/rlr\/se-realizaran-en-la-rioja-las-jornadas-de-paz-y-dignidad\/","title":{"rendered":"Se realizar\u00e1n en La Rioja las Jornadas de Paz y Dignidad"},"content":{"rendered":"\n<p>Del jueves 18 al lunes 22 de julio se realizar\u00e1n en la ciudad Capital las Jornadas de Paz y Dignidad, un evento en el que participan comunidades originarias y no originarias de todo el continente americano.<\/p>\n\n\n\n<p>Durante cinco d\u00edas La Rioja recibir\u00e1 la visita de 10 representantes de distintos pueblos originarios que iniciaron la llamada Carrera Continental. Esta Carrera Continental comenz\u00f3 el pasado 13 de mayo en la ciudad de Ushuaia. Los participantes salieron de esa ciudad austral y lo hacen corriendo por todo el continente. El destino final es en Colombia ya que all\u00ed se encuentran con otro grupo de corredores que iniciaron una carrera similar partiendo desde Alaska.<\/p>\n\n\n\n<p>En el marco de estas jornadas que tendr\u00e1n lugar en La Rioja, distintas comunidades originarias realizar\u00e1n diferentes ceremonias ancestrales y lo har\u00e1n en lugares simb\u00f3licos que tiene la Capital tales como el Parque Yacampis, el Balc\u00f3n de los Originarios ubicado en Juan Caro, El Pucar\u00e1 (Parque Los Sauces) y en el Museo de la Ciudad.<br>Cuando los corredores que vienen desde Ushuaia lleguen a la ciudad Capital, ser\u00e1n recibidos por comunidades originarias de la provincia.<br>Estas jornadas son organizadas por la Secretar\u00eda de la Mujer y Diversidad, Secretar\u00eda de Deportes, Secretar\u00eda de Turismo, Secretar\u00eda de Cultura, entre otras \u00e1reas.<\/p>\n\n\n\n<p><strong>Sobre la Carrera Continental<br><\/strong>Las Jornadas de Paz y Dignidad es una ceremonia continental en la que participan los pueblos ind\u00edgenas originarios y no originarios del continente. El objetivo es \u00abextender la voz de la Madre Tierra y reflexionar con aquellos que sienten en su coraz\u00f3n, preservar la vida de todos los seres que habitan esta casa com\u00fan\u00bb. Esas son las instrucciones originarias del encuentro denominado del C\u00f3ndor y el \u00c1guila.<br>La 9\u00b0 Ceremonia Continental, inici\u00f3 con la luna Llena el 23 mayo 2024. Para la presente edici\u00f3n, la carrera tiene por objetivo \u201cHonrar la Palabra del Coraz\u00f3n, Aliento de Vida\u201d. El encuentro final se realizar\u00e1 en Colombia.<br>Las Jornadas de Paz y Dignidad es una carrera pedestre tradicional, una manera de honrar el legado ancestral representado por las naciones nativas del continente.<br>Hay que destacar que estas jornadas no cuentan con ning\u00fan tipo de apoyo econ\u00f3mico y se realizan en base a la confianza mutua y apoyo voluntario de la poblaci\u00f3n. Quienes lo deseen pueden participar ya sea corriendo, como organizador de apoyo local por donde pasa la carrera para recibir a los corredores, con veh\u00edculos de apoyo, con contribuciones econ\u00f3micas o equipo deportivo para acampar, primeros auxilios, entre otras y que sean pertinentes al desarrollo de la carrera.<\/p>\n","protected":false},"excerpt":{"rendered":"<p>Del jueves 18 al lunes 22 de julio se realizar\u00e1n en la ciudad Capital las Jornadas de Paz<\/p>\n","protected":false},"author":2,"featured_media":75018,"comment_status":"open","ping_status":"open","sticky":false,"template":"","format":"standard","meta":{"footnotes":""},"categories":[12],"tags":[],"class_list":["post-75017","post","type-post","status-publish","format-standard","has-post-thumbnail","hentry","category-local"],"featured_image_urls":{"full":"","thumbnail":"","medium":"","medium_large":"","large":"","1536x1536":"","2048x2048":"","morenews-large":"","morenews-medium":""},"author_info":{"info":["RadioLaRioja"]},"category_info":"<a href=\"https:\/\/radiolarioja.com.ar\/rlr\/category\/local\/\" rel=\"category tag\">Local<\/a>","tag_info":"Local","comment_count":"0","_links":{"self":[{"href":"https:\/\/radiolarioja.com.ar\/rlr\/wp-json\/wp\/v2\/posts\/75017","targetHints":{"allow":["GET"]}}],"collection":[{"href":"https:\/\/radiolarioja.com.ar\/rlr\/wp-json\/wp\/v2\/posts"}],"about":[{"href":"https:\/\/radiolarioja.com.ar\/rlr\/wp-json\/wp\/v2\/types\/post"}],"author":[{"embeddable":true,"href":"https:\/\/radiolarioja.com.ar\/rlr\/wp-json\/wp\/v2\/users\/2"}],"replies":[{"embeddable":true,"href":"https:\/\/radiolarioja.com.ar\/rlr\/wp-json\/wp\/v2\/comments?post=75017"}],"version-history":[{"count":0,"href":"https:\/\/radiolarioja.com.ar\/rlr\/wp-json\/wp\/v2\/posts\/75017\/revisions"}],"wp:featuredmedia":[{"embeddable":true,"href":"https:\/\/radiolarioja.com.ar\/rlr\/wp-json\/"}],"wp:attachment":[{"href":"https:\/\/radiolarioja.com.ar\/rlr\/wp-json\/wp\/v2\/media?parent=75017"}],"wp:term":[{"taxonomy":"category","embeddable":true,"href":"https:\/\/radiolarioja.com.ar\/rlr\/wp-json\/wp\/v2\/categories?post=75017"},{"taxonomy":"post_tag","embeddable":true,"href":"https:\/\/radiolarioja.com.ar\/rlr\/wp-json\/wp\/v2\/tags?post=75017"}],"curies":[{"name":"wp","href":"https:\/\/api.w.org\/{rel}","templated":true}]}}