{"id":74295,"date":"2024-07-03T13:12:43","date_gmt":"2024-07-03T16:12:43","guid":{"rendered":"https:\/\/radiolarioja.com.ar\/rlr\/?p=74295"},"modified":"2024-07-03T13:12:43","modified_gmt":"2024-07-03T16:12:43","slug":"declararon-de-interes-municipal-la-feria-del-libro-2024","status":"publish","type":"post","link":"https:\/\/radiolarioja.com.ar\/rlr\/declararon-de-interes-municipal-la-feria-del-libro-2024\/","title":{"rendered":"Declararon de inter\u00e9s municipal la Feria Del Libro 2024"},"content":{"rendered":"\n<p>Bajo una iniciativa conjunta de los concejales Viviana Luna y Pablo Herrera, el Concejo Deliberante del Departamento Capital declar\u00f3 de Inter\u00e9s Municipal y Cultural la 22\u00b0 edici\u00f3n de la Feria del Libro La Rioja 2024. Cabe resaltar que el gran evento comienza este mi\u00e9rcoles y se extender\u00e1 hasta el 13 julio, bajo el lema \u00abCultura Presente\u201d.<\/p>\n\n\n\n<p>\u00abLa Feria del Libro La Rioja se ha consolidado a lo largo de sus ediciones como un evento de relevancia cultural y educativa, promoviendo la lectura y el acceso a la cultura para toda la comunidad\u00bb, con ese encabezado la comisi\u00f3n de Cultura, Educaci\u00f3n, Turismo y Deportes dictamin\u00f3 a favor y el cuerpo de concejales impuso la norma bajo Ordenanza N\u00b0 6476.<\/p>\n\n\n\n<p>\u00abContin\u00faa siendo un espacio de encuentro para escritores, editoriales, lectores, estudiantes, docentes y p\u00fablico en general, fomentando el intercambio de ideas y el conocimiento. Es un evento que enriquece la oferta cultural del municipio, ofreciendo una programaci\u00f3n variada que incluye presentaciones de libros, charlas, talleres, actividades para ni\u00f1os y j\u00f3venes, y espect\u00e1culos art\u00edsticos\u00bb, analizaron los concejales integrantes de esta comisi\u00f3n de trabajo.<\/p>\n\n\n\n<p>En tanto que en el lema del 2024, \u00abrefleja el compromiso de la feria con la promoci\u00f3n y difusi\u00f3n de la cultura en sus diversas manifestaciones, reconociendo su importancia para el desarrollo integral de la sociedad&#8217;, afirmaron.<\/p>\n\n\n\n<p>\u00abLa feria promueve la participaci\u00f3n activa de la comunidad, fomentando la lectura y el acceso a la cultura como derechos fundamentales\u00bb, por lo cual \u00abes responsabilidad del municipio apoyar y fomentar eventos culturales que contribuyan al enriquecimiento cultural y educativo de sus ciudadanos\u00bb, concluyeron desde este dictamen que al ser considerado por el cuerpo se elev\u00f3 a Ordenanza Municipal.<\/p>\n","protected":false},"excerpt":{"rendered":"<p>Bajo una iniciativa conjunta de los concejales Viviana Luna y Pablo Herrera, el Concejo Deliberante del Departamento Capital<\/p>\n","protected":false},"author":2,"featured_media":74296,"comment_status":"open","ping_status":"open","sticky":false,"template":"","format":"standard","meta":{"footnotes":""},"categories":[4],"tags":[],"class_list":["post-74295","post","type-post","status-publish","format-standard","has-post-thumbnail","hentry","category-destacada"],"featured_image_urls":{"full":"","thumbnail":"","medium":"","medium_large":"","large":"","1536x1536":"","2048x2048":"","morenews-large":"","morenews-medium":""},"author_info":{"info":["RadioLaRioja"]},"category_info":"<a href=\"https:\/\/radiolarioja.com.ar\/rlr\/category\/destacada\/\" rel=\"category tag\">Destacada<\/a>","tag_info":"Destacada","comment_count":"0","_links":{"self":[{"href":"https:\/\/radiolarioja.com.ar\/rlr\/wp-json\/wp\/v2\/posts\/74295","targetHints":{"allow":["GET"]}}],"collection":[{"href":"https:\/\/radiolarioja.com.ar\/rlr\/wp-json\/wp\/v2\/posts"}],"about":[{"href":"https:\/\/radiolarioja.com.ar\/rlr\/wp-json\/wp\/v2\/types\/post"}],"author":[{"embeddable":true,"href":"https:\/\/radiolarioja.com.ar\/rlr\/wp-json\/wp\/v2\/users\/2"}],"replies":[{"embeddable":true,"href":"https:\/\/radiolarioja.com.ar\/rlr\/wp-json\/wp\/v2\/comments?post=74295"}],"version-history":[{"count":0,"href":"https:\/\/radiolarioja.com.ar\/rlr\/wp-json\/wp\/v2\/posts\/74295\/revisions"}],"wp:featuredmedia":[{"embeddable":true,"href":"https:\/\/radiolarioja.com.ar\/rlr\/wp-json\/"}],"wp:attachment":[{"href":"https:\/\/radiolarioja.com.ar\/rlr\/wp-json\/wp\/v2\/media?parent=74295"}],"wp:term":[{"taxonomy":"category","embeddable":true,"href":"https:\/\/radiolarioja.com.ar\/rlr\/wp-json\/wp\/v2\/categories?post=74295"},{"taxonomy":"post_tag","embeddable":true,"href":"https:\/\/radiolarioja.com.ar\/rlr\/wp-json\/wp\/v2\/tags?post=74295"}],"curies":[{"name":"wp","href":"https:\/\/api.w.org\/{rel}","templated":true}]}}