{"id":72105,"date":"2024-04-30T09:20:48","date_gmt":"2024-04-30T12:20:48","guid":{"rendered":"https:\/\/radiolarioja.com.ar\/rlr\/?p=72105"},"modified":"2024-04-30T09:20:48","modified_gmt":"2024-04-30T12:20:48","slug":"cronogramas-de-pago-prestaciones-por-desempleo-y-asignaciones-familiares","status":"publish","type":"post","link":"https:\/\/radiolarioja.com.ar\/rlr\/cronogramas-de-pago-prestaciones-por-desempleo-y-asignaciones-familiares\/","title":{"rendered":"Cronogramas de pago, prestaciones por desempleo y asignaciones familiares"},"content":{"rendered":"\n<p>Se informan los cronogramas de pago, Prestaciones por Desempleo (RENATRE) y Asignaciones Familiares (ANSES), para el periodo MAYO 2024, a saber:<\/p>\n\n\n\n<p>Cronograma de pago PRESTACIONES POR DESEMPLEO RENATRE \u2192 MAYO 2024<br>Desde el 06-05-2024 hasta el 22-05-2024, inclusive.<\/p>\n\n\n\n<p>Cronograma de Pago Asignaciones Familiares ANSES \u2192 MAYO 2024<br>Fecha de Inicio de Pago <\/p>\n\n\n\n<p>Grupo l (doc.Term.En 0 y 1) 22\/5\/2024<br>Grupo ll (doc.Term. En 2 y 3) 23\/5\/2024<br>Grupo lll (doc.Term. En 4 y 5) 24\/5\/2024<br>Grupo lV (doc.Term. En 6 y 7) 27\/5\/2024<br>Grupo V (doc.Term. En 8 y 9) 28\/5\/2024<\/p>\n\n\n\n<p><br>Todas las Terminaciones HASTA EL 10\/06\/2024<\/p>\n\n\n\n<p><strong>IMPORTANTE <\/strong><\/p>\n\n\n\n<p>Si al momento del pr\u00f3ximo cierre de liquidaci\u00f3n, previsto para el d\u00eda viernes 26 de abril, quedaran prestaciones por desempleo con la modalidad de pago \u00abEn proceso de bancarizaci\u00f3n\u00bb, las cuotas afectadas para el mes de mayo saldr\u00e1n enviadas por el convenio 014 (pago por ventanilla) a la sucursal de radicaci\u00f3n de cuenta elegida por el trabajador.<\/p>\n","protected":false},"excerpt":{"rendered":"<p>Se informan los cronogramas de pago, Prestaciones por Desempleo (RENATRE) y Asignaciones Familiares (ANSES), para el periodo MAYO<\/p>\n","protected":false},"author":2,"featured_media":72108,"comment_status":"open","ping_status":"open","sticky":false,"template":"","format":"standard","meta":{"footnotes":""},"categories":[12],"tags":[],"class_list":["post-72105","post","type-post","status-publish","format-standard","has-post-thumbnail","hentry","category-local"],"featured_image_urls":{"full":"","thumbnail":"","medium":"","medium_large":"","large":"","1536x1536":"","2048x2048":"","morenews-large":"","morenews-medium":""},"author_info":{"info":["RadioLaRioja"]},"category_info":"<a href=\"https:\/\/radiolarioja.com.ar\/rlr\/category\/local\/\" rel=\"category tag\">Local<\/a>","tag_info":"Local","comment_count":"0","_links":{"self":[{"href":"https:\/\/radiolarioja.com.ar\/rlr\/wp-json\/wp\/v2\/posts\/72105","targetHints":{"allow":["GET"]}}],"collection":[{"href":"https:\/\/radiolarioja.com.ar\/rlr\/wp-json\/wp\/v2\/posts"}],"about":[{"href":"https:\/\/radiolarioja.com.ar\/rlr\/wp-json\/wp\/v2\/types\/post"}],"author":[{"embeddable":true,"href":"https:\/\/radiolarioja.com.ar\/rlr\/wp-json\/wp\/v2\/users\/2"}],"replies":[{"embeddable":true,"href":"https:\/\/radiolarioja.com.ar\/rlr\/wp-json\/wp\/v2\/comments?post=72105"}],"version-history":[{"count":0,"href":"https:\/\/radiolarioja.com.ar\/rlr\/wp-json\/wp\/v2\/posts\/72105\/revisions"}],"wp:featuredmedia":[{"embeddable":true,"href":"https:\/\/radiolarioja.com.ar\/rlr\/wp-json\/"}],"wp:attachment":[{"href":"https:\/\/radiolarioja.com.ar\/rlr\/wp-json\/wp\/v2\/media?parent=72105"}],"wp:term":[{"taxonomy":"category","embeddable":true,"href":"https:\/\/radiolarioja.com.ar\/rlr\/wp-json\/wp\/v2\/categories?post=72105"},{"taxonomy":"post_tag","embeddable":true,"href":"https:\/\/radiolarioja.com.ar\/rlr\/wp-json\/wp\/v2\/tags?post=72105"}],"curies":[{"name":"wp","href":"https:\/\/api.w.org\/{rel}","templated":true}]}}