{"id":3522,"date":"2023-03-05T00:25:22","date_gmt":"2023-03-05T03:25:22","guid":{"rendered":"https:\/\/radiolarioja.com\/rlr\/?p=3522"},"modified":"2023-03-05T00:25:22","modified_gmt":"2023-03-05T03:25:22","slug":"conductor-pierde-el-control-del-rodado-en-av-favaloro-8mpactandobun-domicilio-y-termina-hospitalizado","status":"publish","type":"post","link":"https:\/\/radiolarioja.com.ar\/rlr\/conductor-pierde-el-control-del-rodado-en-av-favaloro-8mpactandobun-domicilio-y-termina-hospitalizado\/","title":{"rendered":"Conductor pierde el control del Rodado en Av Favaloro 8mpactandobun domicilio y termina hospitalizado"},"content":{"rendered":"\n<figure class=\"wp-block-image size-large\"><img decoding=\"async\" src=\"https:\/\/radiolarioja.com\/rlr\/wp-content\/uploads\/2023\/03\/IMG-20230305-WA0001-1024x461.jpg\" alt=\"\" class=\"wp-image-3525\"\/><\/figure>\n\n\n\n<p>Siendo la hora 19:54 nos dirigimos a un siniestro vial por Av. Dr Ren\u00e9 Favaloro y calle pisis, que se tratar\u00eda de un autom\u00f3vil fiat uno color blanco  que era conducido por el sr Dar\u00edo sin m\u00e1s datos personales. por razones que se tratan de establecer pierde el control del vehiculo impactando con la medianera de un domicilio ubicado en dicha arteria antes mencionada; Producto del impacto el sr Dar\u00edo presentaba traumatismo de cr\u00e1neo con corte profundo de consideraci\u00f3n, se procedi\u00f3 a hacer curaciones en conjunto con personal del DEM 107 quienes determinan realizar el traslado al nosocomiolocal, tambi\u00e9n se realizo seguridad en el lugar tanto que el dicho vehiculo ten\u00eda GNC. Trabaj\u00f3 en el lugar personal de bomberos voluntarios ciudad de la Rioja, DEM 107 y personal policial.<\/p>\n\n\n\n<figure class=\"wp-block-image size-large\"><img decoding=\"async\" src=\"https:\/\/radiolarioja.com\/rlr\/wp-content\/uploads\/2023\/03\/IMG-20230305-WA0000-1024x461.jpg\" alt=\"\" class=\"wp-image-3524\"\/><\/figure>\n","protected":false},"excerpt":{"rendered":"<p>Siendo la hora 19:54 nos dirigimos a un siniestro vial por Av. Dr Ren\u00e9 Favaloro y calle pisis,<\/p>\n","protected":false},"author":2,"featured_media":3525,"comment_status":"open","ping_status":"open","sticky":false,"template":"","format":"standard","meta":{"footnotes":""},"categories":[12],"tags":[],"class_list":["post-3522","post","type-post","status-publish","format-standard","has-post-thumbnail","hentry","category-local"],"featured_image_urls":{"full":"","thumbnail":"","medium":"","medium_large":"","large":"","1536x1536":"","2048x2048":"","morenews-large":"","morenews-medium":""},"author_info":{"info":["RadioLaRioja"]},"category_info":"<a href=\"https:\/\/radiolarioja.com.ar\/rlr\/category\/local\/\" rel=\"category tag\">Local<\/a>","tag_info":"Local","comment_count":"0","_links":{"self":[{"href":"https:\/\/radiolarioja.com.ar\/rlr\/wp-json\/wp\/v2\/posts\/3522","targetHints":{"allow":["GET"]}}],"collection":[{"href":"https:\/\/radiolarioja.com.ar\/rlr\/wp-json\/wp\/v2\/posts"}],"about":[{"href":"https:\/\/radiolarioja.com.ar\/rlr\/wp-json\/wp\/v2\/types\/post"}],"author":[{"embeddable":true,"href":"https:\/\/radiolarioja.com.ar\/rlr\/wp-json\/wp\/v2\/users\/2"}],"replies":[{"embeddable":true,"href":"https:\/\/radiolarioja.com.ar\/rlr\/wp-json\/wp\/v2\/comments?post=3522"}],"version-history":[{"count":0,"href":"https:\/\/radiolarioja.com.ar\/rlr\/wp-json\/wp\/v2\/posts\/3522\/revisions"}],"wp:featuredmedia":[{"embeddable":true,"href":"https:\/\/radiolarioja.com.ar\/rlr\/wp-json\/"}],"wp:attachment":[{"href":"https:\/\/radiolarioja.com.ar\/rlr\/wp-json\/wp\/v2\/media?parent=3522"}],"wp:term":[{"taxonomy":"category","embeddable":true,"href":"https:\/\/radiolarioja.com.ar\/rlr\/wp-json\/wp\/v2\/categories?post=3522"},{"taxonomy":"post_tag","embeddable":true,"href":"https:\/\/radiolarioja.com.ar\/rlr\/wp-json\/wp\/v2\/tags?post=3522"}],"curies":[{"name":"wp","href":"https:\/\/api.w.org\/{rel}","templated":true}]}}