{"id":16815,"date":"2023-08-29T01:24:00","date_gmt":"2023-08-29T04:24:00","guid":{"rendered":"https:\/\/radiolarioja.com.ar\/rlr\/?p=16815"},"modified":"2023-08-29T01:24:00","modified_gmt":"2023-08-29T04:24:00","slug":"hay-mas-de-1-300-denuncias-por-discriminacion-a-un-matrimonio-originario-en-un-movil-de-tv","status":"publish","type":"post","link":"https:\/\/radiolarioja.com.ar\/rlr\/hay-mas-de-1-300-denuncias-por-discriminacion-a-un-matrimonio-originario-en-un-movil-de-tv\/","title":{"rendered":"Hay m\u00e1s de 1.300 denuncias por discriminaci\u00f3n a un matrimonio originario en un m\u00f3vil de TV"},"content":{"rendered":"<p>Tras la cadena de repudio en redes sociales por el destrato sufrido por Kantuta Killa y Wari Rimachi, el organismo que dirige Miriam Lewin recibi\u00f3 1.354 denuncias, mientras que el Inadi atendi\u00f3 200 llamados. Desde el programa pidieron disculpas.<\/p>","protected":false},"excerpt":{"rendered":"<p>Tras la cadena de repudio en redes sociales por el destrato sufrido por Kantuta Killa y Wari Rimachi,<\/p>\n","protected":false},"author":2,"featured_media":16816,"comment_status":"open","ping_status":"open","sticky":false,"template":"","format":"standard","meta":{"footnotes":""},"categories":[15],"tags":[],"class_list":["post-16815","post","type-post","status-publish","format-standard","has-post-thumbnail","hentry","category-nacional"],"featured_image_urls":{"full":"","thumbnail":"","medium":"","medium_large":"","large":"","1536x1536":"","2048x2048":"","morenews-large":"","morenews-medium":""},"author_info":{"info":["RadioLaRioja"]},"category_info":"<a href=\"https:\/\/radiolarioja.com.ar\/rlr\/category\/nacional\/\" rel=\"category tag\">Nacional<\/a>","tag_info":"Nacional","comment_count":"0","_links":{"self":[{"href":"https:\/\/radiolarioja.com.ar\/rlr\/wp-json\/wp\/v2\/posts\/16815","targetHints":{"allow":["GET"]}}],"collection":[{"href":"https:\/\/radiolarioja.com.ar\/rlr\/wp-json\/wp\/v2\/posts"}],"about":[{"href":"https:\/\/radiolarioja.com.ar\/rlr\/wp-json\/wp\/v2\/types\/post"}],"author":[{"embeddable":true,"href":"https:\/\/radiolarioja.com.ar\/rlr\/wp-json\/wp\/v2\/users\/2"}],"replies":[{"embeddable":true,"href":"https:\/\/radiolarioja.com.ar\/rlr\/wp-json\/wp\/v2\/comments?post=16815"}],"version-history":[{"count":0,"href":"https:\/\/radiolarioja.com.ar\/rlr\/wp-json\/wp\/v2\/posts\/16815\/revisions"}],"wp:featuredmedia":[{"embeddable":true,"href":"https:\/\/radiolarioja.com.ar\/rlr\/wp-json\/"}],"wp:attachment":[{"href":"https:\/\/radiolarioja.com.ar\/rlr\/wp-json\/wp\/v2\/media?parent=16815"}],"wp:term":[{"taxonomy":"category","embeddable":true,"href":"https:\/\/radiolarioja.com.ar\/rlr\/wp-json\/wp\/v2\/categories?post=16815"},{"taxonomy":"post_tag","embeddable":true,"href":"https:\/\/radiolarioja.com.ar\/rlr\/wp-json\/wp\/v2\/tags?post=16815"}],"curies":[{"name":"wp","href":"https:\/\/api.w.org\/{rel}","templated":true}]}}