{"id":16009,"date":"2023-08-19T12:26:42","date_gmt":"2023-08-19T15:26:42","guid":{"rendered":"https:\/\/radiolarioja.com.ar\/rlr\/?p=16009"},"modified":"2023-08-19T12:26:42","modified_gmt":"2023-08-19T15:26:42","slug":"perczyk-recorrio-la-planta-de-baterias-de-litio-de-la-unlp-y-destaco-el-aporte-que-hacen-sus-investigadores","status":"publish","type":"post","link":"https:\/\/radiolarioja.com.ar\/rlr\/perczyk-recorrio-la-planta-de-baterias-de-litio-de-la-unlp-y-destaco-el-aporte-que-hacen-sus-investigadores\/","title":{"rendered":"Perczyk recorri\u00f3 la planta de bater\u00edas de litio de la UNLP y destac\u00f3 el aporte que hacen sus investigadores"},"content":{"rendered":"\n<p>Perczyk recorri\u00f3 hoy el Polo Productivo y Tecnol\u00f3gico de la (UNLP) donde remarc\u00f3 que \u201ceste es un aporte muy importante para fabricar bater\u00edas de litio a partir de dos recursos que tiene la Argentina; el litio y sus investigadores\u201d.\u201cArgentina tiene litio, ingenieras e ingenieros, t\u00e9cnicas y t\u00e9cnicos, qu\u00edmicas y qu\u00edmicos, arquitectas y arquitectos que saben producirlo. Hay una inversi\u00f3n muy grande de la universidad y de organismos del estado para producir las bater\u00edas de litio aqu\u00ed en la universidad y otras provincias\u201d, dijo.Durante su recorrida por la UNLP, el titular de la cartera educativa visit\u00f3 la Planta Nacional de Desarrollo Tecnol\u00f3gico de Celdas de bater\u00edas de ion-litio (UNILIB) y el Centro Interdisciplinario de Investigaci\u00f3n del Agua y del Ambiente (CIIAA).\u201cAc\u00e1 tambi\u00e9n hay un laboratorio hidr\u00e1ulico para estudiar las distintas problem\u00e1ticas que tiene el agua para consumo y su calidad. El agua es un bien muy escaso que en la Argentina tiene un valor muy importante\u201d, agreg\u00f3.UniLiB es la primera planta nacional de desarrollo tecnol\u00f3gico de celdas y bater\u00edas de litio, creada por la UNLP e Y-TEC, la empresa de tecnolog\u00eda de YPF y el CONICET, con el apoyo del Ministerio de Ciencia, Tecnolog\u00eda e Innovaci\u00f3n de la Naci\u00f3n.Tendr\u00e1 una capacidad de producci\u00f3n anual -medida en energ\u00eda almacenada- de 13 MWh, equivalente a 1000 bater\u00edas para almacenamiento estacionario de energ\u00edas renovables o unas 50 para colectivos el\u00e9ctricos.El CIIAA es un espacio destinado a dar respuestas concretas a las principales problem\u00e1ticas h\u00eddricas y del medio ambiente que afectan a la regi\u00f3n.Las instalaciones se utilizan con fines acad\u00e9micos y tambi\u00e9n para la investigaci\u00f3n y el desarrollo de nuevas tecnolog\u00edas en el \u00e1rea del saneamiento.Participaron de la recorrida: el secretario de Pol\u00edticas Universitarias, Oscar Alpa; el presidente de la UNLP, Mart\u00edn L\u00f3pez Armengol; el vicepresidente del \u00c1rea Acad\u00e9mica, Fernando Tauber; los decanos de las facultades de Ingenier\u00eda y de Ciencias Naturales, Marcos Actis y Eduardo Kruse; el secretario de Vinculaci\u00f3n Tecnol\u00f3gica, Javier D\u00edaz, y el prosecretario de Obras, Agust\u00edn Olivieri.<\/p>\n\n\n\n<figure class=\"wp-block-image size-full\"><img decoding=\"async\" src=\"https:\/\/radiolarioja.com.ar\/rlr\/wp-content\/uploads\/2023\/08\/unnamed-3.jpg\" alt=\"\" class=\"wp-image-16013\"\/><\/figure>\n","protected":false},"excerpt":{"rendered":"<p>Perczyk recorri\u00f3 hoy el Polo Productivo y Tecnol\u00f3gico de la (UNLP) donde remarc\u00f3 que \u201ceste es un aporte<\/p>\n","protected":false},"author":2,"featured_media":16013,"comment_status":"open","ping_status":"open","sticky":false,"template":"","format":"standard","meta":{"footnotes":""},"categories":[15],"tags":[],"class_list":["post-16009","post","type-post","status-publish","format-standard","has-post-thumbnail","hentry","category-nacional"],"featured_image_urls":{"full":"","thumbnail":"","medium":"","medium_large":"","large":"","1536x1536":"","2048x2048":"","morenews-large":"","morenews-medium":""},"author_info":{"info":["RadioLaRioja"]},"category_info":"<a href=\"https:\/\/radiolarioja.com.ar\/rlr\/category\/nacional\/\" rel=\"category tag\">Nacional<\/a>","tag_info":"Nacional","comment_count":"0","_links":{"self":[{"href":"https:\/\/radiolarioja.com.ar\/rlr\/wp-json\/wp\/v2\/posts\/16009","targetHints":{"allow":["GET"]}}],"collection":[{"href":"https:\/\/radiolarioja.com.ar\/rlr\/wp-json\/wp\/v2\/posts"}],"about":[{"href":"https:\/\/radiolarioja.com.ar\/rlr\/wp-json\/wp\/v2\/types\/post"}],"author":[{"embeddable":true,"href":"https:\/\/radiolarioja.com.ar\/rlr\/wp-json\/wp\/v2\/users\/2"}],"replies":[{"embeddable":true,"href":"https:\/\/radiolarioja.com.ar\/rlr\/wp-json\/wp\/v2\/comments?post=16009"}],"version-history":[{"count":0,"href":"https:\/\/radiolarioja.com.ar\/rlr\/wp-json\/wp\/v2\/posts\/16009\/revisions"}],"wp:featuredmedia":[{"embeddable":true,"href":"https:\/\/radiolarioja.com.ar\/rlr\/wp-json\/"}],"wp:attachment":[{"href":"https:\/\/radiolarioja.com.ar\/rlr\/wp-json\/wp\/v2\/media?parent=16009"}],"wp:term":[{"taxonomy":"category","embeddable":true,"href":"https:\/\/radiolarioja.com.ar\/rlr\/wp-json\/wp\/v2\/categories?post=16009"},{"taxonomy":"post_tag","embeddable":true,"href":"https:\/\/radiolarioja.com.ar\/rlr\/wp-json\/wp\/v2\/tags?post=16009"}],"curies":[{"name":"wp","href":"https:\/\/api.w.org\/{rel}","templated":true}]}}