{"id":16005,"date":"2023-08-19T12:24:36","date_gmt":"2023-08-19T15:24:36","guid":{"rendered":"https:\/\/radiolarioja.com.ar\/rlr\/?p=16005"},"modified":"2023-08-19T12:24:36","modified_gmt":"2023-08-19T15:24:36","slug":"procrear-ii-mas-familias-recibieron-su-vivienda-en-san-martin","status":"publish","type":"post","link":"https:\/\/radiolarioja.com.ar\/rlr\/procrear-ii-mas-familias-recibieron-su-vivienda-en-san-martin\/","title":{"rendered":"Procrear II: m\u00e1s familias recibieron su vivienda en San Mart\u00edn"},"content":{"rendered":"\n<p>El secretario de Desarrollo Territorial de la Naci\u00f3n, Luciano Scatolini en representaci\u00f3n del Ministerio de Desarrollo Territorial y H\u00e1bitat que dirige Santiago Maggiotti, visit\u00f3 este jueves la ciudad de San Mart\u00edn en la provincia de Buenos Aires para otorgar las llaves de sus viviendas a beneficiarios de Procrear II. Adem\u00e1s, se reuni\u00f3 con el intendente, Fernando Moreira, para entregarle equipamiento inform\u00e1tico con el objetivo de ayudar a una mejor implementaci\u00f3n de pol\u00edticas de planificaci\u00f3n urbana en dicha localidad.<\/p>\n\n\n\n<p>Las familias que resultaron adjudicatarias ya podr\u00e1n acceder a su casa propia en alguno de los dos Desarrollos Urban\u00edsticos Procrear edificados all\u00ed, uno de ellos iniciado y finalizado \u00edntegramente por la actual gesti\u00f3n. Ambos complejos habitacionales en su conjunto cuentan con 488 viviendas que poseen infraestructura de calidad y se localizan en zonas cercanas a centros educativos, de salud y de esparcimiento.M\u00e1s tarde, el secretario de Desarrollo Territorial, acompa\u00f1ado por el director de Asistencia y V\u00ednculo Territorial, Luis Baer, mantuvieron un encuentro con el intendente para que la ciudad reciba equipamiento inform\u00e1tico a partir del trabajo conjunto en el marco del Programa de Planificaci\u00f3n y Ordenamiento Territorial. Cabe destacar que, a trav\u00e9s de diversas l\u00edneas, esta iniciativa brinda a las provincias y municipios m\u00faltiples herramientas para promover procesos de planificaci\u00f3n integral en las distintas regiones del pa\u00eds, mejorando las capacidades del personal e incentiv\u00e1ndolos a impulsar medidas y legislaciones en la materia.Al respecto, el secretario de Desarrollo Territorial, Luciano Scatoilini afirm\u00f3: \u201cEstas iniciativas son fundamentales para planificar el crecimiento urbano, con una mirada hacia el futuro con ciudades que sean socialmente justas y ambientalmente sostenibles\u201d. Y destac\u00f3 que \u201cEs una decisi\u00f3n pol\u00edtica integral que se vincula a otras medidas que venimos desplegando en San Mart\u00edn gracias a un trabajo coordinado\u201d.<\/p>\n\n\n\n<figure class=\"wp-block-gallery has-nested-images columns-default is-cropped wp-block-gallery-1 is-layout-flex wp-block-gallery-is-layout-flex\">\n<figure class=\"wp-block-image size-large\"><img decoding=\"async\" data-id=\"16006\" src=\"https:\/\/radiolarioja.com.ar\/rlr\/wp-content\/uploads\/2023\/08\/whatsapp_image_2023-08-17_at_17.34.54_1_0-1024x683.jpeg\" alt=\"\" class=\"wp-image-16006\"\/><\/figure>\n<\/figure>\n","protected":false},"excerpt":{"rendered":"<p>El secretario de Desarrollo Territorial de la Naci\u00f3n, Luciano Scatolini en representaci\u00f3n del Ministerio de Desarrollo Territorial y<\/p>\n","protected":false},"author":2,"featured_media":16006,"comment_status":"open","ping_status":"open","sticky":false,"template":"","format":"standard","meta":{"footnotes":""},"categories":[15],"tags":[],"class_list":["post-16005","post","type-post","status-publish","format-standard","has-post-thumbnail","hentry","category-nacional"],"featured_image_urls":{"full":"","thumbnail":"","medium":"","medium_large":"","large":"","1536x1536":"","2048x2048":"","morenews-large":"","morenews-medium":""},"author_info":{"info":["RadioLaRioja"]},"category_info":"<a href=\"https:\/\/radiolarioja.com.ar\/rlr\/category\/nacional\/\" rel=\"category tag\">Nacional<\/a>","tag_info":"Nacional","comment_count":"0","_links":{"self":[{"href":"https:\/\/radiolarioja.com.ar\/rlr\/wp-json\/wp\/v2\/posts\/16005","targetHints":{"allow":["GET"]}}],"collection":[{"href":"https:\/\/radiolarioja.com.ar\/rlr\/wp-json\/wp\/v2\/posts"}],"about":[{"href":"https:\/\/radiolarioja.com.ar\/rlr\/wp-json\/wp\/v2\/types\/post"}],"author":[{"embeddable":true,"href":"https:\/\/radiolarioja.com.ar\/rlr\/wp-json\/wp\/v2\/users\/2"}],"replies":[{"embeddable":true,"href":"https:\/\/radiolarioja.com.ar\/rlr\/wp-json\/wp\/v2\/comments?post=16005"}],"version-history":[{"count":0,"href":"https:\/\/radiolarioja.com.ar\/rlr\/wp-json\/wp\/v2\/posts\/16005\/revisions"}],"wp:featuredmedia":[{"embeddable":true,"href":"https:\/\/radiolarioja.com.ar\/rlr\/wp-json\/"}],"wp:attachment":[{"href":"https:\/\/radiolarioja.com.ar\/rlr\/wp-json\/wp\/v2\/media?parent=16005"}],"wp:term":[{"taxonomy":"category","embeddable":true,"href":"https:\/\/radiolarioja.com.ar\/rlr\/wp-json\/wp\/v2\/categories?post=16005"},{"taxonomy":"post_tag","embeddable":true,"href":"https:\/\/radiolarioja.com.ar\/rlr\/wp-json\/wp\/v2\/tags?post=16005"}],"curies":[{"name":"wp","href":"https:\/\/api.w.org\/{rel}","templated":true}]}}