{"id":15999,"date":"2023-08-19T11:17:54","date_gmt":"2023-08-19T14:17:54","guid":{"rendered":"https:\/\/radiolarioja.com.ar\/rlr\/?p=15999"},"modified":"2023-08-19T11:17:54","modified_gmt":"2023-08-19T14:17:54","slug":"taiana-olmos-y-filmus-oficializaron-la-incorporacion-del-personal-del-servicio","status":"publish","type":"post","link":"https:\/\/radiolarioja.com.ar\/rlr\/taiana-olmos-y-filmus-oficializaron-la-incorporacion-del-personal-del-servicio\/","title":{"rendered":"Taiana, Olmos y Filmus oficializaron la incorporaci\u00f3n del personal del Servicio"},"content":{"rendered":"\n<p>El ministro de Defensa, Jorge Taiana junto a la ministra de Trabajo, Empleo y Seguridad Social, Kelly Olmos; el ministro de Ciencia, Tecnolog\u00eda e Innovaci\u00f3n, Daniel Filmus; y la directora del Servicio Meteorol\u00f3gico Nacional, Celeste Saulo, oficializaron hoy la incorporaci\u00f3n del personal del organismo dedicado al clima, que realiza actividades t\u00e9cnico-cient\u00edficas de investigaci\u00f3n o desarrollo, en el R\u00e9gimen Previsional para Investigadores Cient\u00edficos y Tecnol\u00f3gicos (Ley n.\u00b0 22929 y Decreto 160\/05). El encuentro se realiz\u00f3 en la sede de la cartera de Trabajo, Empleo y Seguridad Social nacional, ubicada en el centro de la Ciudad Aut\u00f3noma de Buenos Aires.<\/p>\n\n\n\n<p>\u201cEs muy importante esta iniciativa porque implica un proceso de jerarquizaci\u00f3n y de reconocimiento de varias \u00e1reas cient\u00edficas que est\u00e1n bajo la \u00f3rbita del Ministerio de Defensa. Debemos apoyar el desarrollo cient\u00edfico-tecnol\u00f3gico y por eso estamos reconociendo a una carrera cient\u00edfica que tiene un compromiso, dedicaci\u00f3n, y que es necesario que cuente con un r\u00e9gimen previsional distinto, que aliente a que el sistema cient\u00edfico tecnol\u00f3gico madure, que se sume m\u00e1s gente, y que permanezca en los institutos, para que no formemos cient\u00edficos que luego se vayan\u201d, expres\u00f3 el ministro Taiana.<\/p>\n\n\n\n<figure class=\"wp-block-gallery has-nested-images columns-default is-cropped wp-block-gallery-1 is-layout-flex wp-block-gallery-is-layout-flex\">\n<figure class=\"wp-block-image size-large\"><img decoding=\"async\" data-id=\"16000\" src=\"https:\/\/radiolarioja.com.ar\/rlr\/wp-content\/uploads\/2023\/08\/Screenshot_20230819-110140-328.png\" alt=\"\" class=\"wp-image-16000\"\/><\/figure>\n<\/figure>\n\n\n\n<p>Por su parte, el ministro Filmus agradeci\u00f3 a la Ministra de Trabajo por \u201creconocer esta jerarquizaci\u00f3n que merecen todos los cient\u00edficos\u201d y destac\u00f3: \u201cLa investigaci\u00f3n que realizan quienes trabajan en el Servicio Meteorol\u00f3gico Nacional es fundamental para la cuesti\u00f3n clim\u00e1tica y la ambiental y, tambi\u00e9n, para la producci\u00f3n y la prevenci\u00f3n de desastres naturales. Sin esta investigaci\u00f3n no se podr\u00eda prever el conjunto de situaciones que la sociedad tiene que atravesar por las inclemencias clim\u00e1ticas. Nuestro gobierno valora la ciencia y cree firmemente que sin ciencia no hay futuro para las y los argentinos\u201d.<\/p>\n\n\n\n<figure class=\"wp-block-gallery has-nested-images columns-default is-cropped wp-block-gallery-2 is-layout-flex wp-block-gallery-is-layout-flex\">\n<figure class=\"wp-block-image size-large\"><img decoding=\"async\" data-id=\"16002\" src=\"https:\/\/radiolarioja.com.ar\/rlr\/wp-content\/uploads\/2023\/08\/Screenshot_20230819-110221-633.png\" alt=\"\" class=\"wp-image-16002\"\/><\/figure>\n<\/figure>\n\n\n\n<p>En tanto, Olmos asegur\u00f3: \u201cLo que hicimos fue una reparaci\u00f3n. Es un derecho que les correspond\u00eda por ley y que al reconocer que estos trabajadores y trabajadoras forman parte de la carrera cient\u00edfico- tecnol\u00f3gica les corresponde tambi\u00e9n el beneficio jubilatorio equivalente. Para nosotros es un gusto poder hacer este reconocimiento que ampl\u00eda derechos y que repara injusticias previas.\u00bb<\/p>\n\n\n\n<p>A su turno, Saulo explic\u00f3: \u201cEstamos otorgando un derecho a trabajadores del sector cient\u00edfico tecnol\u00f3gico que trabajan en el Servicio Meteorol\u00f3gico Nacional hace much\u00edsimos a\u00f1os y que nunca hab\u00edan accedido al r\u00e9gimen especial\u201d. Y afirm\u00f3: \u201cCon esta resoluci\u00f3n que estamos consagrando hoy aproximadamente 120 personas del servicio meteorol\u00f3gico podr\u00e1n acceder a este derecho; y poder otorgar derechos a trabajadores que vienen haciendo ciencia y t\u00e9cnicas es una enorme satisfacci\u00f3n\u201d.<\/p>\n\n\n\n<p>Se trata de un r\u00e9gimen previsional especial para el personal que realiza actividades t\u00e9cnico-cient\u00edficas de investigaci\u00f3n, desarrollo y direcci\u00f3n de estas actividades en diversos organismos del Estado nacional y que son la base sobre la que se sustenta el desarrollo cient\u00edfico y tecnol\u00f3gico del pa\u00eds, permitiendo su crecimiento socio-econ\u00f3mico.En esa l\u00ednea, el haber de la jubilaci\u00f3n ordinaria ser\u00e1 equivalente al ochenta y cinco por ciento (85 %) de la remuneraci\u00f3n total, incluyendo compensaciones y suplementos, excepto el sueldo anual complementario.<\/p>\n\n\n\n<p>Con este r\u00e9gimen se pretende asegurar la continuidad de una s\u00f3lida estructura cient\u00edfico-tecnol\u00f3gica y la integraci\u00f3n permanente de grupos humanos altamente calificados dentro de \u00e1reas consideradas prioritarias para el desarrollo nacional, as\u00ed como tambi\u00e9n personas capaces de utilizar los complejos conocimientos de la actividad productiva moderna, ya sea para crear tecnolog\u00eda original o para adaptar las existentes a las condiciones del pa\u00eds.A partir de la ampliaci\u00f3n del alcance del r\u00e9gimen, se incluy\u00f3 \u2014conforme al art\u00edculo 122 de la Ley n.\u00b0 27431\u2014 a los organismos nacionales que integran el Consejo Interinstitucional de Ciencia y Tecnolog\u00eda (CICYT) y a la Fundaci\u00f3n Miguel Lillo.<\/p>\n\n\n\n<p>El Servicio Meteorol\u00f3gico Nacional (SMN) es integrante del CICyT desde el a\u00f1o 2013. En virtud de ello, y de lo dispuesto por el art\u00edculo 1\u00b0 de la Resoluci\u00f3n MTEySS n.\u00b0 73\/21, el organismo se encuentra comprendido en el \u00e1mbito de aplicaci\u00f3n de la Ley n.\u00b0 22929.En tanto, el personal perteneciente al SMN que actualmente se encuentra comprendido en el Convenio Colectivo de Trabajo Sectorial para el personal del Sistema Nacional de Empleo P\u00fablico, requiere que se especifiquen escalafones, categor\u00edas y funciones del personal que realiza actividades t\u00e9cnico-cient\u00edficas de investigaci\u00f3n o desarrollo y de direcci\u00f3n de estas actividades, con dedicaci\u00f3n exclusiva o completa, a fin de determinar su inclusi\u00f3n en este r\u00e9gimen provisional.<\/p>\n\n\n\n<p>En funci\u00f3n de todo ello se consider\u00f3 pertinente la inclusi\u00f3n al mismo de profesionales universitarios que prestan funciones como asistente de Investigaci\u00f3n y Desarrollo; investigador; asistente de Aplicaci\u00f3n Cient\u00edfica; analista de Aplicaci\u00f3n Cient\u00edfica; especialista de Aplicaci\u00f3n Cient\u00edfica; Investigador de Aplicaci\u00f3n Cient\u00edfica, que revistan en las Categor\u00edas A, B, C y D del Agrupamiento Cient\u00edfico-T\u00e9cnico del Sistema Nacional de Empleo P\u00fablico (SINEP), Decreto 2098\/08 y aquellos de planta transitoria que se desempe\u00f1en en tareas cuyas funciones sean equivalentes a las del agrupamiento y categor\u00edas mencionadas.<\/p>\n\n\n\n<p>Estuvo presente tambi\u00e9n la secretaria de Investigaci\u00f3n, Pol\u00edtica Industrial y Producci\u00f3n para la Defensa, Daniela Castro.<\/p>\n","protected":false},"excerpt":{"rendered":"<p>El ministro de Defensa, Jorge Taiana junto a la ministra de Trabajo, Empleo y Seguridad Social, Kelly Olmos;<\/p>\n","protected":false},"author":2,"featured_media":16000,"comment_status":"open","ping_status":"open","sticky":false,"template":"","format":"standard","meta":{"footnotes":""},"categories":[15],"tags":[],"class_list":["post-15999","post","type-post","status-publish","format-standard","has-post-thumbnail","hentry","category-nacional"],"featured_image_urls":{"full":"","thumbnail":"","medium":"","medium_large":"","large":"","1536x1536":"","2048x2048":"","morenews-large":"","morenews-medium":""},"author_info":{"info":["RadioLaRioja"]},"category_info":"<a href=\"https:\/\/radiolarioja.com.ar\/rlr\/category\/nacional\/\" rel=\"category tag\">Nacional<\/a>","tag_info":"Nacional","comment_count":"0","_links":{"self":[{"href":"https:\/\/radiolarioja.com.ar\/rlr\/wp-json\/wp\/v2\/posts\/15999","targetHints":{"allow":["GET"]}}],"collection":[{"href":"https:\/\/radiolarioja.com.ar\/rlr\/wp-json\/wp\/v2\/posts"}],"about":[{"href":"https:\/\/radiolarioja.com.ar\/rlr\/wp-json\/wp\/v2\/types\/post"}],"author":[{"embeddable":true,"href":"https:\/\/radiolarioja.com.ar\/rlr\/wp-json\/wp\/v2\/users\/2"}],"replies":[{"embeddable":true,"href":"https:\/\/radiolarioja.com.ar\/rlr\/wp-json\/wp\/v2\/comments?post=15999"}],"version-history":[{"count":0,"href":"https:\/\/radiolarioja.com.ar\/rlr\/wp-json\/wp\/v2\/posts\/15999\/revisions"}],"wp:featuredmedia":[{"embeddable":true,"href":"https:\/\/radiolarioja.com.ar\/rlr\/wp-json\/"}],"wp:attachment":[{"href":"https:\/\/radiolarioja.com.ar\/rlr\/wp-json\/wp\/v2\/media?parent=15999"}],"wp:term":[{"taxonomy":"category","embeddable":true,"href":"https:\/\/radiolarioja.com.ar\/rlr\/wp-json\/wp\/v2\/categories?post=15999"},{"taxonomy":"post_tag","embeddable":true,"href":"https:\/\/radiolarioja.com.ar\/rlr\/wp-json\/wp\/v2\/tags?post=15999"}],"curies":[{"name":"wp","href":"https:\/\/api.w.org\/{rel}","templated":true}]}}