{"id":15993,"date":"2023-08-19T11:12:48","date_gmt":"2023-08-19T14:12:48","guid":{"rendered":"https:\/\/radiolarioja.com.ar\/rlr\/?p=15993"},"modified":"2023-08-19T11:12:48","modified_gmt":"2023-08-19T14:12:48","slug":"el-ministerio-de-ciencia-financia-por-1-700-millones-de-pesos-la-construccion-del-polo-tecnologico-berazategui","status":"publish","type":"post","link":"https:\/\/radiolarioja.com.ar\/rlr\/el-ministerio-de-ciencia-financia-por-1-700-millones-de-pesos-la-construccion-del-polo-tecnologico-berazategui\/","title":{"rendered":"El Ministerio de Ciencia financia por 1.700 millones de pesos la construcci\u00f3n del Polo Tecnol\u00f3gico Berazategui"},"content":{"rendered":"\n<p>El Ministerio de Ciencia, Tecnolog\u00eda e Innovaci\u00f3n anunci\u00f3 el financiamiento de la obra del Polo Tecnol\u00f3gico Berazategui, en la provincia de Buenos Aires, por 1.700.000.000 de pesos, en el marco del Programa Federal \u201cConstruir Ciencia\u201d. El Ministro de Ciencia, Daniel Filmus, firm\u00f3 el convenio con el Intendente de Berazategui, Juan Jos\u00e9 Mussi, para la ejecuci\u00f3n de la obra que prev\u00e9 una superficie de 4.000 m2 y que, junto al Municipio de Berazategui, la Universidad Nacional de Quilmes, la Universidad Nacional Arturo Jauretche, ubicada en Florencio Varela, y la Subsecretar\u00eda de Ciencia, Tecnolog\u00eda e Innovaci\u00f3n de la Provincia de Buenos Aires (PBA), buscar\u00e1 posicionarse como un espacio para el desarrollo de tecnolog\u00edas innovadoras en las \u00e1reas de salud, alimentos y biotecnolog\u00eda para articular e impulsar el tejido productivo del conurbano sur. Participaron el Ministro de Producci\u00f3n, Ciencia e Innovaci\u00f3n Tecnol\u00f3gica de la Provincia de Buenos Aires, Augusto Costa; el Subsecretario de Coordinaci\u00f3n Institucional, Pablo Nu\u00f1ez; entre otras autoridades.<\/p>\n\n\n\n<figure class=\"wp-block-gallery has-nested-images columns-default is-cropped wp-block-gallery-1 is-layout-flex wp-block-gallery-is-layout-flex\">\n<figure class=\"wp-block-image size-large\"><img decoding=\"async\" data-id=\"15995\" src=\"https:\/\/radiolarioja.com.ar\/rlr\/wp-content\/uploads\/2023\/08\/polotecnologico_berazategui_filmus_1-1024x683.jpg\" alt=\"\" class=\"wp-image-15995\"\/><\/figure>\n<\/figure>\n\n\n\n<p>Filmus expres\u00f3 \u201cuno siente en este tipo de actos que se pone en valor lo que estamos construyendo, que busca mejorar la vida de nuestra gente\u201d y sigui\u00f3 \u201cestoy impactado porque un candidato quiere eliminar, entre otros, el de Ciencia y Tecnolog\u00eda \u00b4porque tiene que ser privado, no p\u00fablico\u00b4. El pa\u00eds que m\u00e1s invierte en el mundo en CyT es Israel, el segundo Corea. Estos modelos tienen un promedio de inversi\u00f3n del 3%. Al igual que Estados Unidos que cont\u00f3 con una inversi\u00f3n estatal inconmensurable para emprender la misi\u00f3n Apolo. Esta inversi\u00f3n p\u00fablica se derram\u00f3 en toda la industria que conocemos hoy. Fue el Estado el que invirti\u00f3 en empresas -como estamos haciendo ac\u00e1- y cambi\u00f3 el modelo tecnol\u00f3gico que ven\u00eda retrasado respecto a la Uni\u00f3n Sovi\u00e9tica\u201d, describi\u00f3 sobre el salto en el desarrollo cient\u00edfico tecnol\u00f3gico.El Ministro se detuvo a repasar los altibajos en materia de inversi\u00f3n en CyT: \u201cArgentina invert\u00eda en el a\u00f1o 2003, el 0,17%, en 2015, al 0,37%. El macrismo lo baj\u00f3 al 0,22% y cuando en esta gesti\u00f3n asumimos no hab\u00eda Ministerio de Ciencia y Tecnolog\u00eda y hab\u00eda ca\u00eddo a casi la mitad la inversi\u00f3n. Ahora estamos tratando de llegar al 0,34% porque estas pol\u00edticas pendulares que tiene Argentina nunca podemos tener un desarrollo cient\u00edfico tecnol\u00f3gico si no hay pol\u00edticas de Estado de mediano y largo plazo. Si todo lo que hicimos corre riesgo de perderse va a tenerse que volver a empezar y cuatro a\u00f1os es mucho tiempo\u201d y mencion\u00f3 a la empresa p\u00fablica INVAP como ejemplo virtuoso de inversi\u00f3n p\u00fablica-privada. \u201cHay que pensar el modelo de pa\u00eds que queremos\u201d, reflexion\u00f3 y se\u00f1al\u00f3 el logro de la vacuna argentina ARVAC Cecilia Grierson \u201cnunca en la historia el pa\u00eds se pudo hacer una vacuna. Hace falta invertir en CyT\u201d.Al cierre, manifest\u00f3 \u201cla principal capital que tiene el pa\u00eds es el talento de nuestra gente. Tenemos una capacidad enorme. Hacen falta ministerios eficientes y con recursos que ayuden a mejorar la calidad de vida de la gente, y no cerrarlos\u201d, afirm\u00f3 Filmus.A su turno, Mussi expres\u00f3: \u201cLe agradezco al Gobierno nacional que haya elegido Berazategui para impulsar el Polo Tecnol\u00f3gico. Esto tiene una gran importancia, principalmente cuando se pone al servicio de la industria y del empleo. Por eso, me emocion\u00e9 al firmar el convenio. Uno va teniendo metas y sue\u00f1os, pero cuando se cumplen objetivos como estos que sirven para mejorar la calidad de vida de la gente, es imposible no emocionarse\u201d.En tanto, Costa se\u00f1al\u00f3: \u201cEl Estado tiene la responsabilidad de generar contextos de desarrollo para la actividad privada. Y este es un ejemplo concreto, el financiamiento a nuestros parques industriales, para generarle soluciones a nuestro entramado productivo y a nuestras pymes\u201d. \u201cSi la industria no incorpora conocimiento, ciencia y tecnolog\u00eda, hoy es muy dif\u00edcil competir en el mundo productivo: con este proyecto, el Estado nacional, provincial y municipal est\u00e1 garantizando la sinergia entre las empresas privadas y las universidades\u201d, agreg\u00f3 el titular de la cartera productiva bonaerense.Y continu\u00f3: \u201cHay una decisi\u00f3n pol\u00edtica del gobernador Axel Kicillof de que cada recurso del que disponga la Provincia se pueda ejecutar de manera r\u00e1pida y con el impacto que necesitamos, con el desaf\u00edo enorme de llegar con pol\u00edticas p\u00fablicas a los 135 municipios bonaerenses\u201d.\u201cVen\u00edamos de un Estado provincial que estaba completamente ausente, nadie se quejaba de lo que hac\u00eda el gobierno anterior porque nadie esperaba que hiciera nada. Hoy, lo que estamos viendo es un Estado que se puso en marcha para generar herramientas y dar respuestas\u201d, concluy\u00f3 Costa.<\/p>\n\n\n\n<figure class=\"wp-block-gallery has-nested-images columns-default is-cropped wp-block-gallery-2 is-layout-flex wp-block-gallery-is-layout-flex\">\n<figure class=\"wp-block-image size-large\"><img decoding=\"async\" data-id=\"15996\" src=\"https:\/\/radiolarioja.com.ar\/rlr\/wp-content\/uploads\/2023\/08\/polotecnologico_berazategui_filmus_3-1024x683.jpg\" alt=\"\" class=\"wp-image-15996\"\/><\/figure>\n<\/figure>\n\n\n\n<p>El Polo en Berazategui alojar\u00e1 capacidades tecnol\u00f3gicas que den lugar al desarrollo de tecnolog\u00edas derivadas de la biotecnolog\u00eda, la ingenier\u00eda en alimentos, la rob\u00f3tica y la inform\u00e1tica que se orienten al sector productivo local, y asimismo, facilitar el intercambio con universidades para optimizar procesos.<\/p>\n\n\n\n<p>\u201cConstruir Ciencia\u201d<\/p>\n\n\n\n<p> contin\u00faa fortaleciendo capacidadesEn el marco del Programa, ya son hasta la fecha m\u00e1s de 70 convenios en total que se firmaron para llevar adelante obras en todo el pa\u00eds, tanto creaci\u00f3n como adecuaci\u00f3n de infraestructuras de instituciones del Sistema Nacional de Ciencia, Tecnolog\u00eda e Innovaci\u00f3n (SNCTI), que fortalecen las capacidades de investigaci\u00f3n cient\u00edfica, desarrollo e innovaci\u00f3n. En PBA son 23 las obras en ejecuci\u00f3n, entre los que se pueden encontrar al Centro Interinstitucional de Investigaciones Marinas (CIIMAR) de Mar del Plata; la Planta de Bater\u00edas de Litio en La Plata; el nuevo edificio para el Instituto de Qu\u00edmica del Sur (INQUISUR) en Bah\u00eda Blanca; el Polo Tecnol\u00f3gico General Madariaga en Madariaga.<\/p>\n","protected":false},"excerpt":{"rendered":"<p>El Ministerio de Ciencia, Tecnolog\u00eda e Innovaci\u00f3n anunci\u00f3 el financiamiento de la obra del Polo Tecnol\u00f3gico Berazategui, en<\/p>\n","protected":false},"author":2,"featured_media":15995,"comment_status":"open","ping_status":"open","sticky":false,"template":"","format":"standard","meta":{"footnotes":""},"categories":[15],"tags":[],"class_list":["post-15993","post","type-post","status-publish","format-standard","has-post-thumbnail","hentry","category-nacional"],"featured_image_urls":{"full":"","thumbnail":"","medium":"","medium_large":"","large":"","1536x1536":"","2048x2048":"","morenews-large":"","morenews-medium":""},"author_info":{"info":["RadioLaRioja"]},"category_info":"<a href=\"https:\/\/radiolarioja.com.ar\/rlr\/category\/nacional\/\" rel=\"category tag\">Nacional<\/a>","tag_info":"Nacional","comment_count":"0","_links":{"self":[{"href":"https:\/\/radiolarioja.com.ar\/rlr\/wp-json\/wp\/v2\/posts\/15993","targetHints":{"allow":["GET"]}}],"collection":[{"href":"https:\/\/radiolarioja.com.ar\/rlr\/wp-json\/wp\/v2\/posts"}],"about":[{"href":"https:\/\/radiolarioja.com.ar\/rlr\/wp-json\/wp\/v2\/types\/post"}],"author":[{"embeddable":true,"href":"https:\/\/radiolarioja.com.ar\/rlr\/wp-json\/wp\/v2\/users\/2"}],"replies":[{"embeddable":true,"href":"https:\/\/radiolarioja.com.ar\/rlr\/wp-json\/wp\/v2\/comments?post=15993"}],"version-history":[{"count":0,"href":"https:\/\/radiolarioja.com.ar\/rlr\/wp-json\/wp\/v2\/posts\/15993\/revisions"}],"wp:featuredmedia":[{"embeddable":true,"href":"https:\/\/radiolarioja.com.ar\/rlr\/wp-json\/"}],"wp:attachment":[{"href":"https:\/\/radiolarioja.com.ar\/rlr\/wp-json\/wp\/v2\/media?parent=15993"}],"wp:term":[{"taxonomy":"category","embeddable":true,"href":"https:\/\/radiolarioja.com.ar\/rlr\/wp-json\/wp\/v2\/categories?post=15993"},{"taxonomy":"post_tag","embeddable":true,"href":"https:\/\/radiolarioja.com.ar\/rlr\/wp-json\/wp\/v2\/tags?post=15993"}],"curies":[{"name":"wp","href":"https:\/\/api.w.org\/{rel}","templated":true}]}}