{"id":15987,"date":"2023-08-19T10:53:50","date_gmt":"2023-08-19T13:53:50","guid":{"rendered":"https:\/\/radiolarioja.com.ar\/rlr\/?p=15987"},"modified":"2023-08-19T10:53:50","modified_gmt":"2023-08-19T13:53:50","slug":"cabandie-superviso-el-avance-de-obra-del-futuro-centro-ambiental-de-lujan","status":"publish","type":"post","link":"https:\/\/radiolarioja.com.ar\/rlr\/cabandie-superviso-el-avance-de-obra-del-futuro-centro-ambiental-de-lujan\/","title":{"rendered":"Cabandi\u00e9 supervis\u00f3 el avance de obra del futuro centro ambiental de Luj\u00e1n"},"content":{"rendered":"\n<p>El ministro de Ambiente y Desarrollo Sostenible, Juan Cabandi\u00e9, recorri\u00f3 el Centro Ambiental Laudato Si\u00b4 con el intendente de Luj\u00e1n, Leonardo Boto. Los funcionarios tomaron conocimiento de los avances realizados en los sectores destinados a la guarder\u00eda, la administraci\u00f3n y varios galpones \u2014\u00e1ridos, vidrios, neum\u00e1ticos y de separaci\u00f3n\u2014, adem\u00e1s de la zona de excavaci\u00f3n.<\/p>\n\n\n\n<figure class=\"wp-block-gallery has-nested-images columns-default is-cropped wp-block-gallery-1 is-layout-flex wp-block-gallery-is-layout-flex\">\n<figure class=\"wp-block-image size-large\"><img decoding=\"async\" data-id=\"15988\" src=\"https:\/\/radiolarioja.com.ar\/rlr\/wp-content\/uploads\/2023\/08\/20171017182325_img_1461-1024x683.jpg\" alt=\"\" class=\"wp-image-15988\"\/><\/figure>\n<\/figure>\n\n\n\n<p>Respecto a la visita, el ministro Cabandi\u00e9 coment\u00f3: \u201cSupervisamos y revisamos esta obra inmensa; estamos contentos por el avance que ha tenido y se ha remediado el basural en un 50 %\u201d. \u201cEstamos a punto de reparar esa deuda social y ambiental que hemos tenido con la sociedad. Nos propusimos que este sea un hito de nuestra gesti\u00f3n, remediar el basural a cielo abierto m\u00e1s grande del pa\u00eds y hacer una planta, para que las y los trabajadores tengan dignidad\u201d, asegur\u00f3.<\/p>\n\n\n\n<p>Por su parte, el intendente subray\u00f3: \u201cCon su gran compromiso y vocaci\u00f3n de trabajo, el ministro Cabandi\u00e9 fue uno de los grandes impulsores de este proyecto que hoy est\u00e1 en marcha y es una realidad. Por eso lo recibimos con mucha alegr\u00eda cada vez que nos visita, en esta ocasi\u00f3n para supervisar unas obras que se desarrollan con normalidad\u201d. \u201cEstamos cada vez m\u00e1s cerca de cumplir el sue\u00f1o de terminar, de una vez por todas, con el mayor pasivo ambiental de Luj\u00e1n y devolverle a los vecinos y vecinas la calidad de vida que merecen\u201d, sostuvo Boto.<\/p>\n\n\n\n<figure class=\"wp-block-gallery has-nested-images columns-default is-cropped wp-block-gallery-2 is-layout-flex wp-block-gallery-is-layout-flex\">\n<figure class=\"wp-block-image size-large\"><img decoding=\"async\" data-id=\"15990\" src=\"https:\/\/radiolarioja.com.ar\/rlr\/wp-content\/uploads\/2023\/08\/20171017182227_img_1452-1024x683.jpg\" alt=\"\" class=\"wp-image-15990\"\/><\/figure>\n<\/figure>\n\n\n\n<p>La cartera de Ambiente nacional, mediante la Secretar\u00eda de Control y Monitoreo Ambiental, a cargo de Sergio Federovisky, retom\u00f3 hace semanas los trabajos de construcci\u00f3n del centro que se dispondr\u00e1 en el predio Sucre del municipio mencionado, lo que permitir\u00e1 la gesti\u00f3n integral de los residuos s\u00f3lidos urbanos (RSU) y el cierre t\u00e9cnico del hist\u00f3rico basural que se ubica en Luj\u00e1n.<\/p>\n\n\n\n<p>El centro Laudato Si\u00b4 estar\u00e1 preparado para recibir hasta 102 toneladas diarias y 37 mil toneladas anuales de RSU, restos de poda, neum\u00e1ticos, vidrio, remanentes de construcci\u00f3n, entre otros. La obra beneficiar\u00e1 a m\u00e1s de 120 000 lujanenses.<\/p>\n\n\n\n<p>Se trata de un proyecto de infraestructura para dar respuesta a una importante problem\u00e1tica ambiental mediante la erradicaci\u00f3n del basural de Luj\u00e1n que reconoce la dignidad de las y los trabajadores y la salud de la comunidad. Involucra una inversi\u00f3n por parte del Estado nacional mediante el Banco Interamericano de Desarrollo (BID) de 1 884 millones de pesos.<\/p>\n\n\n\n<p>Las obras incluyen el saneamiento del basural a cielo abierto, instalaciones de control de ingreso y pesaje, estacionamiento, oficinas de administraci\u00f3n general, guarder\u00eda, ba\u00f1os y vestuarios y playones para gesti\u00f3n de residuos voluminosos. Tambi\u00e9n se ejecutar\u00e1 una planta de separaci\u00f3n y clasificaci\u00f3n manual, dep\u00f3sito de materiales recuperados, taller de mantenimiento, planta de tratamiento de lixiviados y relleno sanitario con 20 a\u00f1os de vida \u00fatil. A su vez, contar\u00e1 con una planta de separaci\u00f3n de residuos que se dividir\u00e1 en un sector para \u00e1ridos, neum\u00e1ticos, vidrio y poda, y un centro de interpretaci\u00f3n ambiental.<\/p>\n\n\n\n<p>Las tareas se reanudaron luego de tres meses, a partir de una resoluci\u00f3n tomada por la Sala II de la C\u00e1mara General de San Mart\u00edn que prioriz\u00f3 el inter\u00e9s com\u00fan y permiti\u00f3 continuar con los trabajos que hab\u00edan sido frenados por un amparo contra el proyecto.<\/p>\n\n\n\n<p>Acompa\u00f1aron a Cabandi\u00e9 en la recorrida la directora de Proyectos Ambientales, Leila Gianni, y el coordinador de Residuos S\u00f3lidos Urbanos, Manuel Mateu, ambos del Ministerio de Ambiente naciona<\/p>\n","protected":false},"excerpt":{"rendered":"<p>El ministro de Ambiente y Desarrollo Sostenible, Juan Cabandi\u00e9, recorri\u00f3 el Centro Ambiental Laudato Si\u00b4 con el intendente<\/p>\n","protected":false},"author":2,"featured_media":15988,"comment_status":"open","ping_status":"open","sticky":false,"template":"","format":"standard","meta":{"footnotes":""},"categories":[15],"tags":[],"class_list":["post-15987","post","type-post","status-publish","format-standard","has-post-thumbnail","hentry","category-nacional"],"featured_image_urls":{"full":"","thumbnail":"","medium":"","medium_large":"","large":"","1536x1536":"","2048x2048":"","morenews-large":"","morenews-medium":""},"author_info":{"info":["RadioLaRioja"]},"category_info":"<a href=\"https:\/\/radiolarioja.com.ar\/rlr\/category\/nacional\/\" rel=\"category tag\">Nacional<\/a>","tag_info":"Nacional","comment_count":"0","_links":{"self":[{"href":"https:\/\/radiolarioja.com.ar\/rlr\/wp-json\/wp\/v2\/posts\/15987","targetHints":{"allow":["GET"]}}],"collection":[{"href":"https:\/\/radiolarioja.com.ar\/rlr\/wp-json\/wp\/v2\/posts"}],"about":[{"href":"https:\/\/radiolarioja.com.ar\/rlr\/wp-json\/wp\/v2\/types\/post"}],"author":[{"embeddable":true,"href":"https:\/\/radiolarioja.com.ar\/rlr\/wp-json\/wp\/v2\/users\/2"}],"replies":[{"embeddable":true,"href":"https:\/\/radiolarioja.com.ar\/rlr\/wp-json\/wp\/v2\/comments?post=15987"}],"version-history":[{"count":0,"href":"https:\/\/radiolarioja.com.ar\/rlr\/wp-json\/wp\/v2\/posts\/15987\/revisions"}],"wp:featuredmedia":[{"embeddable":true,"href":"https:\/\/radiolarioja.com.ar\/rlr\/wp-json\/"}],"wp:attachment":[{"href":"https:\/\/radiolarioja.com.ar\/rlr\/wp-json\/wp\/v2\/media?parent=15987"}],"wp:term":[{"taxonomy":"category","embeddable":true,"href":"https:\/\/radiolarioja.com.ar\/rlr\/wp-json\/wp\/v2\/categories?post=15987"},{"taxonomy":"post_tag","embeddable":true,"href":"https:\/\/radiolarioja.com.ar\/rlr\/wp-json\/wp\/v2\/tags?post=15987"}],"curies":[{"name":"wp","href":"https:\/\/api.w.org\/{rel}","templated":true}]}}