{"id":15982,"date":"2023-08-19T10:46:56","date_gmt":"2023-08-19T13:46:56","guid":{"rendered":"https:\/\/radiolarioja.com.ar\/rlr\/?p=15982"},"modified":"2023-08-19T10:46:56","modified_gmt":"2023-08-19T13:46:56","slug":"la-secretaria-de-agricultura-lanzo-una-nueva-edicion-del-programa-coopar-por-3-000-millones","status":"publish","type":"post","link":"https:\/\/radiolarioja.com.ar\/rlr\/la-secretaria-de-agricultura-lanzo-una-nueva-edicion-del-programa-coopar-por-3-000-millones\/","title":{"rendered":"La Secretar\u00eda de Agricultura lanz\u00f3 una nueva edici\u00f3n del Programa CoopAr por $ 3.000 millones"},"content":{"rendered":"\n<p>Para ello ser\u00e1n beneficiarias las cooperativas agroindustriales radicadas en nuestro pa\u00eds que desarrollen como actividades principales o secundarias, aquellas vinculadas con la producci\u00f3n y comercio agropecuario y agroindustrial (cooperativas agropecuarias, de trabajo, de provisi\u00f3n de servicios, entre otras), que hubiesen gestionado y obtenido la inscripci\u00f3n en el Registro de Beneficiarias del CoopAr.<\/p>\n\n\n\n<p>Por su parte, el subsecretario de Alimentos, Bioeconom\u00eda y Desarrollo Regional, Luis Contigiani, afirm\u00f3 que \u00abel desarrollo de la integraci\u00f3n cooperativa y el agregado de valor a trav\u00e9s del asociativismo es uno de los objetivos que nos hemos propuesto en esta gesti\u00f3n\u00bb.<\/p>\n\n\n\n<p>En Argentina actualmente existen unas 700 cooperativas agropecuarias y de trabajo que representan m\u00e1s de 30 cadenas de valor.La medida se oficializ\u00f3 a trav\u00e9s de la Resoluci\u00f3n 307\/2023 al tiempo que estableci\u00f3 el \u00e1mbito de la Subsecretar\u00eda de Alimentos, Bioeconom\u00eda y Desarrollo Regional de la SAGyP como Autoridad de Aplicaci\u00f3n.En este sentido, la tarea de la Subsecretar\u00eda es la de intervenir en la tramitaci\u00f3n de las solicitudes realizadas por las cooperativas agroindustriales y analizar la viabilidad t\u00e9cnica de los proyectos presentados.La apertura de la convocatoria se realizar\u00e1 a partir del 17 de agosto por el t\u00e9rmino de 15 d\u00edas corridos.<\/p>\n\n\n\n<p>Las empresas solicitantes deben iniciar el tr\u00e1mite \u00abPresentaci\u00f3n Ciudadana\u00bb a trav\u00e9s de la plataforma TAD indicando como referencia: \u00abPrograma CoopAR\u00bb y adjuntando toda la documentaci\u00f3n requerida.Toda la informaci\u00f3n del programa se encuentra disponible aqu\u00ed.<\/p>\n\n\n\n<figure class=\"wp-block-gallery has-nested-images columns-default is-cropped wp-block-gallery-1 is-layout-flex wp-block-gallery-is-layout-flex\">\n<figure class=\"wp-block-image size-large\"><img decoding=\"async\" data-id=\"15984\" src=\"https:\/\/radiolarioja.com.ar\/rlr\/wp-content\/uploads\/2023\/08\/Screenshot_20230819-102319-931.png\" alt=\"\" class=\"wp-image-15984\"\/><\/figure>\n<\/figure>\n","protected":false},"excerpt":{"rendered":"<p>Para ello ser\u00e1n beneficiarias las cooperativas agroindustriales radicadas en nuestro pa\u00eds que desarrollen como actividades principales o secundarias,<\/p>\n","protected":false},"author":2,"featured_media":15984,"comment_status":"open","ping_status":"open","sticky":false,"template":"","format":"standard","meta":{"footnotes":""},"categories":[15],"tags":[],"class_list":["post-15982","post","type-post","status-publish","format-standard","has-post-thumbnail","hentry","category-nacional"],"featured_image_urls":{"full":"","thumbnail":"","medium":"","medium_large":"","large":"","1536x1536":"","2048x2048":"","morenews-large":"","morenews-medium":""},"author_info":{"info":["RadioLaRioja"]},"category_info":"<a href=\"https:\/\/radiolarioja.com.ar\/rlr\/category\/nacional\/\" rel=\"category tag\">Nacional<\/a>","tag_info":"Nacional","comment_count":"0","_links":{"self":[{"href":"https:\/\/radiolarioja.com.ar\/rlr\/wp-json\/wp\/v2\/posts\/15982","targetHints":{"allow":["GET"]}}],"collection":[{"href":"https:\/\/radiolarioja.com.ar\/rlr\/wp-json\/wp\/v2\/posts"}],"about":[{"href":"https:\/\/radiolarioja.com.ar\/rlr\/wp-json\/wp\/v2\/types\/post"}],"author":[{"embeddable":true,"href":"https:\/\/radiolarioja.com.ar\/rlr\/wp-json\/wp\/v2\/users\/2"}],"replies":[{"embeddable":true,"href":"https:\/\/radiolarioja.com.ar\/rlr\/wp-json\/wp\/v2\/comments?post=15982"}],"version-history":[{"count":0,"href":"https:\/\/radiolarioja.com.ar\/rlr\/wp-json\/wp\/v2\/posts\/15982\/revisions"}],"wp:featuredmedia":[{"embeddable":true,"href":"https:\/\/radiolarioja.com.ar\/rlr\/wp-json\/"}],"wp:attachment":[{"href":"https:\/\/radiolarioja.com.ar\/rlr\/wp-json\/wp\/v2\/media?parent=15982"}],"wp:term":[{"taxonomy":"category","embeddable":true,"href":"https:\/\/radiolarioja.com.ar\/rlr\/wp-json\/wp\/v2\/categories?post=15982"},{"taxonomy":"post_tag","embeddable":true,"href":"https:\/\/radiolarioja.com.ar\/rlr\/wp-json\/wp\/v2\/tags?post=15982"}],"curies":[{"name":"wp","href":"https:\/\/api.w.org\/{rel}","templated":true}]}}