{"id":15963,"date":"2023-08-19T10:18:44","date_gmt":"2023-08-19T13:18:44","guid":{"rendered":"https:\/\/radiolarioja.com.ar\/rlr\/?p=15963"},"modified":"2023-08-19T10:18:44","modified_gmt":"2023-08-19T13:18:44","slug":"reunion-para-la-creacion-de-la-carrera-de-periodista-deportivo-en-catamarca","status":"publish","type":"post","link":"https:\/\/radiolarioja.com.ar\/rlr\/reunion-para-la-creacion-de-la-carrera-de-periodista-deportivo-en-catamarca\/","title":{"rendered":"REUNI\u00d3N PARA LA CREACI\u00d3N DE LA CARRERA DE PERIODISTA DEPORTIVO EN CATAMARCA"},"content":{"rendered":"\n<p>El presidente del C\u00edrculo de Periodistas Deportivos de Catamarca, Roberto Chac\u00f3n, junto a socios de nuestra instituci\u00f3n, acercaron una propuesta de trabajo a la ministra de Educaci\u00f3n, Andrea Centuri\u00f3n, para implementar la carrera de Periodista Deportivo en la provincia.<\/p>\n\n\n\n<p> La ministra agradeci\u00f3 la representatividad e iniciativa de los periodistas deportivos e indic\u00f3 que a partir de esta reuni\u00f3n se establecer\u00e1n las pautas con las que se debe iniciar este proceso, que contempla previamente un estudio de factibilidad, el prop\u00f3sito, los objetivos y el dise\u00f1o curricular de la futura oferta acad\u00e9mica. <\/p>\n\n\n\n<p>Centuri\u00f3n se comprometi\u00f3 a que se trabajar\u00e1 con las diferentes direcciones del Ministerio de Educaci\u00f3n para llevar adelante los estudios correspondientes \u201ca fin de crear la carrera de Periodista Deportivo para que los j\u00f3venes no solo cuenten con una nueva oferta educativa de Nivel Superior\u201d.<\/p>\n\n\n\n<p>Desde el C\u00edrculo de Periodistas Deportivos de Catamarca agradecemos la predisposici\u00f3n de la ministra Andrea Centuri\u00f3n para trabajar en conjunto con el objetivo de implementar la carrera en nuestra provincia.Ministerio de Educaci\u00f3n de Catamarca Andrea Centuri\u00f3n<\/p>\n\n\n\n<figure class=\"wp-block-image size-full\"><img decoding=\"async\" src=\"https:\/\/radiolarioja.com.ar\/rlr\/wp-content\/uploads\/2023\/08\/Screenshot_20230819-101523-621.png\" alt=\"\" class=\"wp-image-15965\"\/><\/figure>\n","protected":false},"excerpt":{"rendered":"<p>El presidente del C\u00edrculo de Periodistas Deportivos de Catamarca, Roberto Chac\u00f3n, junto a socios de nuestra instituci\u00f3n, acercaron<\/p>\n","protected":false},"author":2,"featured_media":15965,"comment_status":"open","ping_status":"open","sticky":false,"template":"","format":"standard","meta":{"footnotes":""},"categories":[15],"tags":[],"class_list":["post-15963","post","type-post","status-publish","format-standard","has-post-thumbnail","hentry","category-nacional"],"featured_image_urls":{"full":"","thumbnail":"","medium":"","medium_large":"","large":"","1536x1536":"","2048x2048":"","morenews-large":"","morenews-medium":""},"author_info":{"info":["RadioLaRioja"]},"category_info":"<a href=\"https:\/\/radiolarioja.com.ar\/rlr\/category\/nacional\/\" rel=\"category tag\">Nacional<\/a>","tag_info":"Nacional","comment_count":"0","_links":{"self":[{"href":"https:\/\/radiolarioja.com.ar\/rlr\/wp-json\/wp\/v2\/posts\/15963","targetHints":{"allow":["GET"]}}],"collection":[{"href":"https:\/\/radiolarioja.com.ar\/rlr\/wp-json\/wp\/v2\/posts"}],"about":[{"href":"https:\/\/radiolarioja.com.ar\/rlr\/wp-json\/wp\/v2\/types\/post"}],"author":[{"embeddable":true,"href":"https:\/\/radiolarioja.com.ar\/rlr\/wp-json\/wp\/v2\/users\/2"}],"replies":[{"embeddable":true,"href":"https:\/\/radiolarioja.com.ar\/rlr\/wp-json\/wp\/v2\/comments?post=15963"}],"version-history":[{"count":0,"href":"https:\/\/radiolarioja.com.ar\/rlr\/wp-json\/wp\/v2\/posts\/15963\/revisions"}],"wp:featuredmedia":[{"embeddable":true,"href":"https:\/\/radiolarioja.com.ar\/rlr\/wp-json\/"}],"wp:attachment":[{"href":"https:\/\/radiolarioja.com.ar\/rlr\/wp-json\/wp\/v2\/media?parent=15963"}],"wp:term":[{"taxonomy":"category","embeddable":true,"href":"https:\/\/radiolarioja.com.ar\/rlr\/wp-json\/wp\/v2\/categories?post=15963"},{"taxonomy":"post_tag","embeddable":true,"href":"https:\/\/radiolarioja.com.ar\/rlr\/wp-json\/wp\/v2\/tags?post=15963"}],"curies":[{"name":"wp","href":"https:\/\/api.w.org\/{rel}","templated":true}]}}