{"id":15952,"date":"2023-08-19T00:52:12","date_gmt":"2023-08-19T03:52:12","guid":{"rendered":"https:\/\/radiolarioja.com.ar\/rlr\/?p=15952"},"modified":"2023-08-19T00:52:12","modified_gmt":"2023-08-19T03:52:12","slug":"cultura-argentina-presente-en-el-m-a-d-festival-de-canada","status":"publish","type":"post","link":"https:\/\/radiolarioja.com.ar\/rlr\/cultura-argentina-presente-en-el-m-a-d-festival-de-canada\/","title":{"rendered":"Cultura argentina presente en el M.A.D. Festival de Canad\u00e1"},"content":{"rendered":"\n<p>En su edici\u00f3n n\u00famero 23, el Festival de Arte, Moda y Entretenimiento (M.A.D), que estima una participaci\u00f3n de m\u00e1s de 550.000 asistentes, ser\u00e1 una celebraci\u00f3n con 150 sets de artistas que expondr\u00e1n su energ\u00eda, originalidad y creatividad en una de las celebraciones de autoexpresi\u00f3n art\u00edstica m\u00e1s grandes del mundo.<\/p>\n\n\n\n<p>La programaci\u00f3n incluir\u00e1 shows gratuitos, instalaciones art\u00edsticas, performances de danza, exposiciones de 30 dise\u00f1adores y dise\u00f1adoras de moda y m\u00e1s de 50 marcas de ropa en el \u00e1rea pop-up, como parte de las actividades destacadas, con entrada abierta y gratuita para todo p\u00fablico.<\/p>\n\n\n\n<figure class=\"wp-block-gallery has-nested-images columns-default is-cropped wp-block-gallery-1 is-layout-flex wp-block-gallery-is-layout-flex\">\n<figure class=\"wp-block-image size-large\"><img decoding=\"async\" data-id=\"15954\" src=\"https:\/\/radiolarioja.com.ar\/rlr\/wp-content\/uploads\/2023\/08\/mad03.jpg\" alt=\"\" class=\"wp-image-15954\"\/><\/figure>\n<\/figure>\n\n\n\n<p>El Festival M.A.D representa una oportunidad para reforzar la innovaci\u00f3n y expresi\u00f3n disruptiva caracter\u00edstica de nuestro pa\u00eds en materia de dise\u00f1o. \u201cLa participaci\u00f3n Argentina en MAD es una oportunidad para abrir canales hacia la realizaci\u00f3n de negocios internacionales. El dise\u00f1o es una actividad transversal y fundamental para una Argentina productiva\u201d, expres\u00f3 Ariela Peretti, directora nacional de Integraci\u00f3n Federal y Cooperaci\u00f3n Internacional del Ministerio de Cultura de la Naci\u00f3n.<\/p>\n\n\n\n<p>La participaci\u00f3n argentina de la mano de MICA Internacional ser\u00e1 representada por una comitiva federal de 12 marcas de dise\u00f1o de indumentaria, joyer\u00eda, calzado y accesorios provenientes de Buenos Aires, Chaco, C\u00f3rdoba, Jujuy, Mendoza, Santiago del Estero, Santa F\u00e9, Ciudad de Buenos Aires y Tucum\u00e1n.<\/p>\n\n\n\n<p>\u201cArgentina es un pa\u00eds lleno de talento e innovaci\u00f3n y el dise\u00f1o es un diferencial en la producci\u00f3n de bienes y servicios\u201d, subray\u00f3 Lucrecia Cardoso, secretaria de Desarrollo Cultural del Ministerio de Cultura de la Naci\u00f3n.Las 12 marcas nacionales que participar\u00e1n del M.A.D son:<\/p>\n\n\n\n<p>Velasco &#8211; Indumentaria &#8211; Chaco<\/p>\n\n\n\n<p>Chicco Ruiz &#8211; Calzado &#8211; Jujuy<\/p>\n\n\n\n<p>Qara &#8211; Accesorios \/ Joyer\u00eda &#8211; Santiago del Estero<\/p>\n\n\n\n<p>MmPascual &#8211; Joyer\u00eda &#8211; Mendoza<\/p>\n\n\n\n<p>P\u00f3lvora &#8211; Indumentaria &#8211; Santa F\u00e9<\/p>\n\n\n\n<p>Luciana Regolo &#8211; Calzado &#8211; Buenos Aires<\/p>\n\n\n\n<p>Fruto &#8211; Joyer\u00eda &#8211; C\u00f3rdoba<\/p>\n\n\n\n<p>Totl&#8217;e &#8211; Accesorios &#8211; Chaco<\/p>\n\n\n\n<p>Nic\u00e9fora &#8211; Indumentaria &#8211; Tucum\u00e1n<\/p>\n\n\n\n<p>Acento de Autor &#8211; Calzado &#8211; CABA<\/p>\n\n\n\n<p>Marina Massone &#8211; Joyer\u00eda &#8211; Buenos Aires<\/p>\n\n\n\n<p>B L A C K N\u0303 A N D U\u0301 &#8211; Accesorios &#8211; CABA<\/p>\n\n\n\n<p>\u201cEstamos encantados de destacar a Argentina y sus excepcionales creadores este a\u00f1o. Esta colaboraci\u00f3n refleja nuestros valores de diversidad cultural y desarrollo sostenible, al tiempo que abre nuevas perspectivas para los mercados de Quebec e internacionales\u201d, se\u00f1al\u00f3 Chantal Durivage, co-fundadora y vicepresidenta creativa de M.A.D.Con esta participaci\u00f3n el Ministerio de Cultura de la Naci\u00f3n, a trav\u00e9s del Mercado de Industrias Culturales Argentinas (MICA), contin\u00faa expandiendo las fronteras culturales a trav\u00e9s del trabajo de las direcciones nacionales de Integraci\u00f3n Federal y Cooperaci\u00f3n Internacional, y de Industrias Culturales de la secretar\u00eda de Desarrollo Cultural.El dise\u00f1o pertenece a uno de los 15 sectores del MICA. En t\u00e9rminos de identidad nacional, representa uno de los principales medios de producci\u00f3n cultural en relaci\u00f3n a la creaci\u00f3n de valores de uso y valores simb\u00f3licos, a trav\u00e9s del dise\u00f1o de objetos\/mobiliarios, vestimentas\/textiles, interiorismo\/paisajismo y comunicaciones gr\u00e1ficas\/multimedia. Dise\u00f1ar es construir y expresar la l\u00f3gica, los h\u00e1bitos y el decir de un pueblo. Dise\u00f1ar es construir cultura.<\/p>\n","protected":false},"excerpt":{"rendered":"<p>En su edici\u00f3n n\u00famero 23, el Festival de Arte, Moda y Entretenimiento (M.A.D), que estima una participaci\u00f3n de<\/p>\n","protected":false},"author":2,"featured_media":15954,"comment_status":"open","ping_status":"open","sticky":false,"template":"","format":"standard","meta":{"footnotes":""},"categories":[15],"tags":[],"class_list":["post-15952","post","type-post","status-publish","format-standard","has-post-thumbnail","hentry","category-nacional"],"featured_image_urls":{"full":"","thumbnail":"","medium":"","medium_large":"","large":"","1536x1536":"","2048x2048":"","morenews-large":"","morenews-medium":""},"author_info":{"info":["RadioLaRioja"]},"category_info":"<a href=\"https:\/\/radiolarioja.com.ar\/rlr\/category\/nacional\/\" rel=\"category tag\">Nacional<\/a>","tag_info":"Nacional","comment_count":"0","_links":{"self":[{"href":"https:\/\/radiolarioja.com.ar\/rlr\/wp-json\/wp\/v2\/posts\/15952","targetHints":{"allow":["GET"]}}],"collection":[{"href":"https:\/\/radiolarioja.com.ar\/rlr\/wp-json\/wp\/v2\/posts"}],"about":[{"href":"https:\/\/radiolarioja.com.ar\/rlr\/wp-json\/wp\/v2\/types\/post"}],"author":[{"embeddable":true,"href":"https:\/\/radiolarioja.com.ar\/rlr\/wp-json\/wp\/v2\/users\/2"}],"replies":[{"embeddable":true,"href":"https:\/\/radiolarioja.com.ar\/rlr\/wp-json\/wp\/v2\/comments?post=15952"}],"version-history":[{"count":0,"href":"https:\/\/radiolarioja.com.ar\/rlr\/wp-json\/wp\/v2\/posts\/15952\/revisions"}],"wp:featuredmedia":[{"embeddable":true,"href":"https:\/\/radiolarioja.com.ar\/rlr\/wp-json\/"}],"wp:attachment":[{"href":"https:\/\/radiolarioja.com.ar\/rlr\/wp-json\/wp\/v2\/media?parent=15952"}],"wp:term":[{"taxonomy":"category","embeddable":true,"href":"https:\/\/radiolarioja.com.ar\/rlr\/wp-json\/wp\/v2\/categories?post=15952"},{"taxonomy":"post_tag","embeddable":true,"href":"https:\/\/radiolarioja.com.ar\/rlr\/wp-json\/wp\/v2\/tags?post=15952"}],"curies":[{"name":"wp","href":"https:\/\/api.w.org\/{rel}","templated":true}]}}