{"id":15946,"date":"2023-08-19T00:13:19","date_gmt":"2023-08-19T03:13:19","guid":{"rendered":"https:\/\/radiolarioja.com.ar\/rlr\/?p=15946"},"modified":"2023-08-19T00:13:19","modified_gmt":"2023-08-19T03:13:19","slug":"francisco-nombro-a-zaffaroni-en-un-nuevo-organismo-vaticano","status":"publish","type":"post","link":"https:\/\/radiolarioja.com.ar\/rlr\/francisco-nombro-a-zaffaroni-en-un-nuevo-organismo-vaticano\/","title":{"rendered":"Francisco nombr\u00f3 a Zaffaroni en un nuevo organismo vaticano"},"content":{"rendered":"\n<p>El magistrado fue inclu\u00eddo por el Papa dentro del Instituto para la investigaci\u00f3n y promoci\u00f3n de los Derechos Sociales Fray Bartolom\u00e9 de las Casas, con finalidades acad\u00e9micas, docentes.<\/p>\n\n\n\n<p>El papa Francisco nombr\u00f3 este viernes al exjuez de la Corte Suprema Eugenio Zaffaroni en un nuevo organismo acad\u00e9mico vaticano sobre derechos sociales y colonialismo, al tiempo que le concedi\u00f3 estatus de \u00abAsociaci\u00f3n Privada de Fieles\u00bb a un Comit\u00e9 de Jueces creado por el magistrado porte\u00f1o Andr\u00e9s Gallardo en 2019A trav\u00e9s de un quir\u00f3grafo dado a conocer este viernes por el Vaticano, el Papa resolvi\u00f3 \u00abla creaci\u00f3n del Instituto para la investigaci\u00f3n y promoci\u00f3n de los Derechos Sociales Fray Bartolom\u00e9 de las Casas, con finalidades acad\u00e9micas, docentes y de formaci\u00f3n sobre la tem\u00e1tica de Derechos Sociales, migraci\u00f3n y colonialismo\u00bb.El nuevo organismo funcionar\u00e1 en el \u00e1mbito de la Pontificia Academia de las Ciencias Sociales, que preside el cardenal Peter Turkson, y ser\u00e1 sostenido econ\u00f3micamente, dirigido y administrado\u00bb por el Comit\u00e9 Panamericano de Juezas y Jueces por los Derechos Sociales y la Doctrina Franciscana (COPAJU) creado por el pont\u00edfice en el Vaticano en junio de 2019.\u00abDesigno para el per\u00edodo 2023-2028 como Junta Acad\u00e9mica Fundadora del citado Instituto a los Profesores Doctores Ra\u00fal Eugenio Zaffaroni, Alberto Filippi y Marcelo Su\u00e1rez Orozco\u00bb, agreg\u00f3 el quir\u00f3grafo del Papa publicado este viernes por la oficina de Prensa de la Santa Sede.Otra resoluci\u00f3n de FranciscoEl quir\u00f3grafo resolvi\u00f3 tambi\u00e9n el cambio de estatus vaticano del Copaju, que pasar\u00e1 a ser un ente formal dentro de la estructura.\u00abHaci\u00e9ndome eco del pedido efectuado por sus Fundadores, expreso mi aprobaci\u00f3n para que el Comit\u00e9 Panamericano de Juezas y Jueces por los Derechos Sociales y la Doctrina Franciscana, pase a ser una Asociaci\u00f3n Privada de Fieles de car\u00e1cter internacional en conformidad con los c\u00e1nones 298-311 y 321-329, erigida como persona jur\u00eddica privada dentro del ordenamiento can\u00f3nico, de acuerdo al canon 322, \u00a71\u00bb, afirm\u00f3 el escrito papal.\u00abDesigno para el per\u00edodo 2023-2028 como Presidente del Comit\u00e9 Panamericano de Juezas y Jueces por los Derechos Sociales y la Doctrina Franciscana (COPAJU) al Juez Roberto Andr\u00e9s Gallardo de la Rep\u00fablica Argentina, como Vice Presidenta a la Jueza Ana Algorta Latorre de la Rep\u00fablica Federativa del Brasil, como Secretario al Magistrado Gustavo Daniel Moreno de la Rep\u00fablica Argentina y como vocales a los Jueces Mar\u00eda Julia Figueredo Vivas de la Rep\u00fablica de Colombia, Tamila Ipema de los Estados Unidos de Am\u00e9rica, Daniel Urrutia Laubreaux de la Rep\u00fablica de Chile y Janet Tello Gilardi de la Rep\u00fablica del Per\u00fa\u00bb, detall\u00f3 el pont\u00edfice.En su quir\u00f3grafo, un escrito con fuerza de decreto, el Papa sostuvo que \u00abla organizaci\u00f3n de magistrados Comit\u00e9 Panamericano de Juezas y Jueces por los Derechos Sociales y la Doctrina Franciscana tuvo incipiente origen local en la Ciudad de Buenos Aires y luego destacada actuaci\u00f3n en la Rep\u00fablica Argentina desde el a\u00f1o 2017, gestando el primer encuentro regional en junio de 2018 en la Facultad de Derecho de la Universidad de Buenos Aires\u00bb.<\/p>\n\n\n\n<figure class=\"wp-block-image size-full\"><img decoding=\"async\" src=\"https:\/\/radiolarioja.com.ar\/rlr\/wp-content\/uploads\/2023\/08\/20211219-Eugenio-Raul-Zaffaroni-TIEMPO-ARGENTINO-3-300x200-1.jpg\" alt=\"\" class=\"wp-image-15948\"\/><\/figure>\n","protected":false},"excerpt":{"rendered":"<p>El magistrado fue inclu\u00eddo por el Papa dentro del Instituto para la investigaci\u00f3n y promoci\u00f3n de los Derechos<\/p>\n","protected":false},"author":2,"featured_media":15948,"comment_status":"open","ping_status":"open","sticky":false,"template":"","format":"standard","meta":{"footnotes":""},"categories":[12],"tags":[],"class_list":["post-15946","post","type-post","status-publish","format-standard","has-post-thumbnail","hentry","category-local"],"featured_image_urls":{"full":"","thumbnail":"","medium":"","medium_large":"","large":"","1536x1536":"","2048x2048":"","morenews-large":"","morenews-medium":""},"author_info":{"info":["RadioLaRioja"]},"category_info":"<a href=\"https:\/\/radiolarioja.com.ar\/rlr\/category\/local\/\" rel=\"category tag\">Local<\/a>","tag_info":"Local","comment_count":"0","_links":{"self":[{"href":"https:\/\/radiolarioja.com.ar\/rlr\/wp-json\/wp\/v2\/posts\/15946","targetHints":{"allow":["GET"]}}],"collection":[{"href":"https:\/\/radiolarioja.com.ar\/rlr\/wp-json\/wp\/v2\/posts"}],"about":[{"href":"https:\/\/radiolarioja.com.ar\/rlr\/wp-json\/wp\/v2\/types\/post"}],"author":[{"embeddable":true,"href":"https:\/\/radiolarioja.com.ar\/rlr\/wp-json\/wp\/v2\/users\/2"}],"replies":[{"embeddable":true,"href":"https:\/\/radiolarioja.com.ar\/rlr\/wp-json\/wp\/v2\/comments?post=15946"}],"version-history":[{"count":0,"href":"https:\/\/radiolarioja.com.ar\/rlr\/wp-json\/wp\/v2\/posts\/15946\/revisions"}],"wp:featuredmedia":[{"embeddable":true,"href":"https:\/\/radiolarioja.com.ar\/rlr\/wp-json\/"}],"wp:attachment":[{"href":"https:\/\/radiolarioja.com.ar\/rlr\/wp-json\/wp\/v2\/media?parent=15946"}],"wp:term":[{"taxonomy":"category","embeddable":true,"href":"https:\/\/radiolarioja.com.ar\/rlr\/wp-json\/wp\/v2\/categories?post=15946"},{"taxonomy":"post_tag","embeddable":true,"href":"https:\/\/radiolarioja.com.ar\/rlr\/wp-json\/wp\/v2\/tags?post=15946"}],"curies":[{"name":"wp","href":"https:\/\/api.w.org\/{rel}","templated":true}]}}