{"id":15941,"date":"2023-08-19T00:06:38","date_gmt":"2023-08-19T03:06:38","guid":{"rendered":"https:\/\/radiolarioja.com.ar\/rlr\/?p=15941"},"modified":"2023-08-19T00:06:38","modified_gmt":"2023-08-19T03:06:38","slug":"fin-de-semana-de-las-infancias-con-propuestas-gratuitas-en-todo-el-pais","status":"publish","type":"post","link":"https:\/\/radiolarioja.com.ar\/rlr\/fin-de-semana-de-las-infancias-con-propuestas-gratuitas-en-todo-el-pais\/","title":{"rendered":"Fin de semana de las infancias con propuestas gratuitas en todo el pa\u00eds"},"content":{"rendered":"\n<p>Los Museos Nacionales, Tecn\u00f3polis, el Centro Cultural Kirchner, el Centro Cultural Borges, la Biblioteca Nacional y Pakapaka celebran el d\u00eda de las infancias con una agenda de propuestas que incluye cine, talleres, kermesse, m\u00fasica y juegos para disfrutar en familia del viernes 18 al lunes 21<\/p>\n\n\n\n<figure class=\"wp-block-image size-full\"><img decoding=\"async\" src=\"https:\/\/radiolarioja.com.ar\/rlr\/wp-content\/uploads\/2023\/08\/Screenshot_20230819-000613-914.png\" alt=\"\" class=\"wp-image-15943\"\/><\/figure>\n","protected":false},"excerpt":{"rendered":"<p>Los Museos Nacionales, Tecn\u00f3polis, el Centro Cultural Kirchner, el Centro Cultural Borges, la Biblioteca Nacional y Pakapaka celebran<\/p>\n","protected":false},"author":2,"featured_media":15943,"comment_status":"open","ping_status":"open","sticky":false,"template":"","format":"standard","meta":{"footnotes":""},"categories":[12],"tags":[],"class_list":["post-15941","post","type-post","status-publish","format-standard","has-post-thumbnail","hentry","category-local"],"featured_image_urls":{"full":"","thumbnail":"","medium":"","medium_large":"","large":"","1536x1536":"","2048x2048":"","morenews-large":"","morenews-medium":""},"author_info":{"info":["RadioLaRioja"]},"category_info":"<a href=\"https:\/\/radiolarioja.com.ar\/rlr\/category\/local\/\" rel=\"category tag\">Local<\/a>","tag_info":"Local","comment_count":"0","_links":{"self":[{"href":"https:\/\/radiolarioja.com.ar\/rlr\/wp-json\/wp\/v2\/posts\/15941","targetHints":{"allow":["GET"]}}],"collection":[{"href":"https:\/\/radiolarioja.com.ar\/rlr\/wp-json\/wp\/v2\/posts"}],"about":[{"href":"https:\/\/radiolarioja.com.ar\/rlr\/wp-json\/wp\/v2\/types\/post"}],"author":[{"embeddable":true,"href":"https:\/\/radiolarioja.com.ar\/rlr\/wp-json\/wp\/v2\/users\/2"}],"replies":[{"embeddable":true,"href":"https:\/\/radiolarioja.com.ar\/rlr\/wp-json\/wp\/v2\/comments?post=15941"}],"version-history":[{"count":0,"href":"https:\/\/radiolarioja.com.ar\/rlr\/wp-json\/wp\/v2\/posts\/15941\/revisions"}],"wp:featuredmedia":[{"embeddable":true,"href":"https:\/\/radiolarioja.com.ar\/rlr\/wp-json\/"}],"wp:attachment":[{"href":"https:\/\/radiolarioja.com.ar\/rlr\/wp-json\/wp\/v2\/media?parent=15941"}],"wp:term":[{"taxonomy":"category","embeddable":true,"href":"https:\/\/radiolarioja.com.ar\/rlr\/wp-json\/wp\/v2\/categories?post=15941"},{"taxonomy":"post_tag","embeddable":true,"href":"https:\/\/radiolarioja.com.ar\/rlr\/wp-json\/wp\/v2\/tags?post=15941"}],"curies":[{"name":"wp","href":"https:\/\/api.w.org\/{rel}","templated":true}]}}