{"id":15936,"date":"2023-08-18T23:38:14","date_gmt":"2023-08-19T02:38:14","guid":{"rendered":"https:\/\/radiolarioja.com.ar\/rlr\/?p=15936"},"modified":"2023-08-18T23:38:14","modified_gmt":"2023-08-19T02:38:14","slug":"jornada-de-educacion-ambiental-en-el-parque-lineal","status":"publish","type":"post","link":"https:\/\/radiolarioja.com.ar\/rlr\/jornada-de-educacion-ambiental-en-el-parque-lineal\/","title":{"rendered":"Jornada de \u00abEducaci\u00f3n ambiental\u00bb en el parque lineal"},"content":{"rendered":"\n<p>\u00a1Gran d\u00eda para ellas y ellos! <\/p>\n\n\n\n<p>Vivimos una jornada de \u201cEducaci\u00f3n Ambiental\u201d espl\u00e9ndida en el Parque Lineal Las Talas por el d\u00eda de las infancias. <\/p>\n\n\n\n<p>Nuestro equipo de la secretar\u00eda de deportes estuvo presente trabajando conjuntamente con Secretar\u00eda de Ambiente quienes organizaron esta jornada para que ni\u00f1as y ni\u00f1os disfruten de este hermoso d\u00eda de actividades recreativas, educativas y deportivas. <\/p>\n\n\n\n<figure class=\"wp-block-image size-full\"><img decoding=\"async\" src=\"https:\/\/radiolarioja.com.ar\/rlr\/wp-content\/uploads\/2023\/08\/Screenshot_20230818-233507-061-1.png\" alt=\"\" class=\"wp-image-15937\"\/><\/figure>\n","protected":false},"excerpt":{"rendered":"<p>\u00a1Gran d\u00eda para ellas y ellos! Vivimos una jornada de \u201cEducaci\u00f3n Ambiental\u201d espl\u00e9ndida en el Parque Lineal Las<\/p>\n","protected":false},"author":2,"featured_media":15937,"comment_status":"open","ping_status":"open","sticky":false,"template":"","format":"standard","meta":{"footnotes":""},"categories":[12],"tags":[],"class_list":["post-15936","post","type-post","status-publish","format-standard","has-post-thumbnail","hentry","category-local"],"featured_image_urls":{"full":"","thumbnail":"","medium":"","medium_large":"","large":"","1536x1536":"","2048x2048":"","morenews-large":"","morenews-medium":""},"author_info":{"info":["RadioLaRioja"]},"category_info":"<a href=\"https:\/\/radiolarioja.com.ar\/rlr\/category\/local\/\" rel=\"category tag\">Local<\/a>","tag_info":"Local","comment_count":"0","_links":{"self":[{"href":"https:\/\/radiolarioja.com.ar\/rlr\/wp-json\/wp\/v2\/posts\/15936","targetHints":{"allow":["GET"]}}],"collection":[{"href":"https:\/\/radiolarioja.com.ar\/rlr\/wp-json\/wp\/v2\/posts"}],"about":[{"href":"https:\/\/radiolarioja.com.ar\/rlr\/wp-json\/wp\/v2\/types\/post"}],"author":[{"embeddable":true,"href":"https:\/\/radiolarioja.com.ar\/rlr\/wp-json\/wp\/v2\/users\/2"}],"replies":[{"embeddable":true,"href":"https:\/\/radiolarioja.com.ar\/rlr\/wp-json\/wp\/v2\/comments?post=15936"}],"version-history":[{"count":0,"href":"https:\/\/radiolarioja.com.ar\/rlr\/wp-json\/wp\/v2\/posts\/15936\/revisions"}],"wp:featuredmedia":[{"embeddable":true,"href":"https:\/\/radiolarioja.com.ar\/rlr\/wp-json\/"}],"wp:attachment":[{"href":"https:\/\/radiolarioja.com.ar\/rlr\/wp-json\/wp\/v2\/media?parent=15936"}],"wp:term":[{"taxonomy":"category","embeddable":true,"href":"https:\/\/radiolarioja.com.ar\/rlr\/wp-json\/wp\/v2\/categories?post=15936"},{"taxonomy":"post_tag","embeddable":true,"href":"https:\/\/radiolarioja.com.ar\/rlr\/wp-json\/wp\/v2\/tags?post=15936"}],"curies":[{"name":"wp","href":"https:\/\/api.w.org\/{rel}","templated":true}]}}