{"id":15924,"date":"2023-08-18T15:51:54","date_gmt":"2023-08-18T18:51:54","guid":{"rendered":"https:\/\/radiolarioja.com.ar\/rlr\/?p=15924"},"modified":"2023-08-18T15:51:54","modified_gmt":"2023-08-18T18:51:54","slug":"continuan-trabajando-para-garantizar-en-el-agua-en-aminga","status":"publish","type":"post","link":"https:\/\/radiolarioja.com.ar\/rlr\/continuan-trabajando-para-garantizar-en-el-agua-en-aminga\/","title":{"rendered":"Contin\u00faan trabajando para garantizar en el agua en aminga"},"content":{"rendered":"\n<p>En el Departamento Castro Barros, estamos llevando a cabo trabajos para la construcci\u00f3n de una nueva toma y conducci\u00f3n del agua hasta la localidad de Aminga.<\/p>\n\n\n\n<p> Se trata de una nueva obra que va a permitir optimizar el servicio de agua potable y potenciar a\u00fan m\u00e1s la producci\u00f3n en la Costa Riojana. <\/p>\n\n\n\n<p>Los trabajos consisten en la realizaci\u00f3n de un nuevo muro nivelador para captar el l\u00edquido, a 150 metros aguas arriba de la toma actual.<\/p>\n\n\n\n<p>Como as\u00ed tambi\u00e9n la construcci\u00f3n de un acueducto de cerca de 6 kil\u00f3metros que conectar\u00eda la nueva toma con la planta potabilizadora de agua.<\/p>\n\n\n\n<figure class=\"wp-block-gallery has-nested-images columns-default is-cropped wp-block-gallery-1 is-layout-flex wp-block-gallery-is-layout-flex\">\n<figure class=\"wp-block-image size-large\"><img decoding=\"async\" data-id=\"15926\" src=\"https:\/\/radiolarioja.com.ar\/rlr\/wp-content\/uploads\/2023\/08\/Screenshot_20230818-155024-863.png\" alt=\"\" class=\"wp-image-15926\"\/><\/figure>\n<\/figure>\n\n\n\n<figure class=\"wp-block-image size-full\"><img decoding=\"async\" src=\"https:\/\/radiolarioja.com.ar\/rlr\/wp-content\/uploads\/2023\/08\/Screenshot_20230818-155112-663.png\" alt=\"\" class=\"wp-image-15927\"\/><\/figure>\n","protected":false},"excerpt":{"rendered":"<p>En el Departamento Castro Barros, estamos llevando a cabo trabajos para la construcci\u00f3n de una nueva toma y<\/p>\n","protected":false},"author":2,"featured_media":15926,"comment_status":"open","ping_status":"open","sticky":false,"template":"","format":"standard","meta":{"footnotes":""},"categories":[12],"tags":[],"class_list":["post-15924","post","type-post","status-publish","format-standard","has-post-thumbnail","hentry","category-local"],"featured_image_urls":{"full":"","thumbnail":"","medium":"","medium_large":"","large":"","1536x1536":"","2048x2048":"","morenews-large":"","morenews-medium":""},"author_info":{"info":["RadioLaRioja"]},"category_info":"<a href=\"https:\/\/radiolarioja.com.ar\/rlr\/category\/local\/\" rel=\"category tag\">Local<\/a>","tag_info":"Local","comment_count":"0","_links":{"self":[{"href":"https:\/\/radiolarioja.com.ar\/rlr\/wp-json\/wp\/v2\/posts\/15924","targetHints":{"allow":["GET"]}}],"collection":[{"href":"https:\/\/radiolarioja.com.ar\/rlr\/wp-json\/wp\/v2\/posts"}],"about":[{"href":"https:\/\/radiolarioja.com.ar\/rlr\/wp-json\/wp\/v2\/types\/post"}],"author":[{"embeddable":true,"href":"https:\/\/radiolarioja.com.ar\/rlr\/wp-json\/wp\/v2\/users\/2"}],"replies":[{"embeddable":true,"href":"https:\/\/radiolarioja.com.ar\/rlr\/wp-json\/wp\/v2\/comments?post=15924"}],"version-history":[{"count":0,"href":"https:\/\/radiolarioja.com.ar\/rlr\/wp-json\/wp\/v2\/posts\/15924\/revisions"}],"wp:featuredmedia":[{"embeddable":true,"href":"https:\/\/radiolarioja.com.ar\/rlr\/wp-json\/"}],"wp:attachment":[{"href":"https:\/\/radiolarioja.com.ar\/rlr\/wp-json\/wp\/v2\/media?parent=15924"}],"wp:term":[{"taxonomy":"category","embeddable":true,"href":"https:\/\/radiolarioja.com.ar\/rlr\/wp-json\/wp\/v2\/categories?post=15924"},{"taxonomy":"post_tag","embeddable":true,"href":"https:\/\/radiolarioja.com.ar\/rlr\/wp-json\/wp\/v2\/tags?post=15924"}],"curies":[{"name":"wp","href":"https:\/\/api.w.org\/{rel}","templated":true}]}}