{"id":15914,"date":"2023-08-18T14:06:17","date_gmt":"2023-08-18T17:06:17","guid":{"rendered":"https:\/\/radiolarioja.com.ar\/rlr\/?p=15914"},"modified":"2023-08-18T14:06:17","modified_gmt":"2023-08-18T17:06:17","slug":"celebraron-el-mes-de-las-infancias-en-el-caps-antartida","status":"publish","type":"post","link":"https:\/\/radiolarioja.com.ar\/rlr\/celebraron-el-mes-de-las-infancias-en-el-caps-antartida\/","title":{"rendered":"Celebraron el \u00abMes de las infancias\u00bb en el CAPS Ant\u00e1rtida"},"content":{"rendered":"\n<p>El ministro de Salud Juan Carlos Vergara y autoridades sanitarias acompa\u00f1aron este jueves al equipo del CAPS Ant\u00e1rtida, donde se realizan actividades l\u00fadicas, recreativas y educativas, en el marco del mes de las infancias. All\u00ed remarcaron la tarea diaria de la instituci\u00f3n y la modernizaci\u00f3n de la atenci\u00f3n a trav\u00e9s de Salud Digital impulsada a trav\u00e9s del Plan Provincial de Salud. La coordinadora del CAPS, Lourdes Vidal, destac\u00f3 que realizaron actividades durante toda la semana con talleres de pintura, de educaci\u00f3n emocional, de nutrici\u00f3n con juegos con alimentos, y de salud bucal en la ni\u00f1ez. En particular este jueves realizaron un taller orientado a la educaci\u00f3n emocional con ni\u00f1os y ni\u00f1as desde los 3 a los 6 a\u00f1os de jardines aleda\u00f1os al Centro de Salud. Estas actividades contin\u00faan este viernes junto a todo el equipo de salud. En este sentido agradeci\u00f3 el apoyo permanente de las autoridades sanitarias que \u201cnos brindan la motivaci\u00f3n para desarrollar todo este tipo de acciones que tiene que ver con la atenci\u00f3n primaria de la salud\u201d.Por su parte el ministro de Salud Juan Carlos Vergara felicit\u00f3 a todo el equipo de CAPS, y destac\u00f3 los avances del mismo al incorporar herramientas de Salud Digital, destacando tambi\u00e9n la gesti\u00f3n de recupero de fondos que permitir\u00e1 continuar mejorando el equipamiento.\u201cEstos son los cambios que se vienen, con la poblaci\u00f3n georreferenciada para dar una respuesta por ejemplo a los pacientes con enfermedades cr\u00f3nicas que antes no ven\u00edan a la consulta. Hoy se puede brindar una mejor respuesta, con cada profesional cumpliendo su rol vamos a ayudar con las tecnolog\u00edas y articulando entre los diferentes niveles de atenci\u00f3n\u201d, destac\u00f3 el funcionario.Participaron de la actividad el ministro Juan Carlos Vergara, los subsecretarios de APS Adolfo Vega, de Planificaci\u00f3n de Programa Emilia Parco, la coordinadora del Centro de Salud Lourdes Vidal y equipo de trabajo.<\/p>\n\n\n\n<figure class=\"wp-block-image size-large\"><img decoding=\"async\" src=\"https:\/\/radiolarioja.com.ar\/rlr\/wp-content\/uploads\/2023\/08\/IMG-20230818-WA0017-1024x682.jpg\" alt=\"\" class=\"wp-image-15916\"\/><\/figure>\n","protected":false},"excerpt":{"rendered":"<p>El ministro de Salud Juan Carlos Vergara y autoridades sanitarias acompa\u00f1aron este jueves al equipo del CAPS Ant\u00e1rtida,<\/p>\n","protected":false},"author":2,"featured_media":15916,"comment_status":"open","ping_status":"open","sticky":false,"template":"","format":"standard","meta":{"footnotes":""},"categories":[12],"tags":[],"class_list":["post-15914","post","type-post","status-publish","format-standard","has-post-thumbnail","hentry","category-local"],"featured_image_urls":{"full":"","thumbnail":"","medium":"","medium_large":"","large":"","1536x1536":"","2048x2048":"","morenews-large":"","morenews-medium":""},"author_info":{"info":["RadioLaRioja"]},"category_info":"<a href=\"https:\/\/radiolarioja.com.ar\/rlr\/category\/local\/\" rel=\"category tag\">Local<\/a>","tag_info":"Local","comment_count":"0","_links":{"self":[{"href":"https:\/\/radiolarioja.com.ar\/rlr\/wp-json\/wp\/v2\/posts\/15914","targetHints":{"allow":["GET"]}}],"collection":[{"href":"https:\/\/radiolarioja.com.ar\/rlr\/wp-json\/wp\/v2\/posts"}],"about":[{"href":"https:\/\/radiolarioja.com.ar\/rlr\/wp-json\/wp\/v2\/types\/post"}],"author":[{"embeddable":true,"href":"https:\/\/radiolarioja.com.ar\/rlr\/wp-json\/wp\/v2\/users\/2"}],"replies":[{"embeddable":true,"href":"https:\/\/radiolarioja.com.ar\/rlr\/wp-json\/wp\/v2\/comments?post=15914"}],"version-history":[{"count":0,"href":"https:\/\/radiolarioja.com.ar\/rlr\/wp-json\/wp\/v2\/posts\/15914\/revisions"}],"wp:featuredmedia":[{"embeddable":true,"href":"https:\/\/radiolarioja.com.ar\/rlr\/wp-json\/"}],"wp:attachment":[{"href":"https:\/\/radiolarioja.com.ar\/rlr\/wp-json\/wp\/v2\/media?parent=15914"}],"wp:term":[{"taxonomy":"category","embeddable":true,"href":"https:\/\/radiolarioja.com.ar\/rlr\/wp-json\/wp\/v2\/categories?post=15914"},{"taxonomy":"post_tag","embeddable":true,"href":"https:\/\/radiolarioja.com.ar\/rlr\/wp-json\/wp\/v2\/tags?post=15914"}],"curies":[{"name":"wp","href":"https:\/\/api.w.org\/{rel}","templated":true}]}}