{"id":15907,"date":"2023-08-18T12:54:09","date_gmt":"2023-08-18T15:54:09","guid":{"rendered":"https:\/\/radiolarioja.com.ar\/rlr\/?p=15907"},"modified":"2023-08-18T12:54:09","modified_gmt":"2023-08-18T15:54:09","slug":"desafio-ruta-40-carreras-de-rally-cross-country-regresa-a-la-competencia-internacional-en-el-marco-del-campeonato-del-mundo-de-rally-raid-w2rc","status":"publish","type":"post","link":"https:\/\/radiolarioja.com.ar\/rlr\/desafio-ruta-40-carreras-de-rally-cross-country-regresa-a-la-competencia-internacional-en-el-marco-del-campeonato-del-mundo-de-rally-raid-w2rc\/","title":{"rendered":"Desaf\u00edo Ruta 40, carreras de rally cross country regresa a la competencia internacional en el marco del Campeonato del Mundo de Rally \u2013 Raid (W2RC)."},"content":{"rendered":"\n<p><strong>DESAFI\u00cdO RUTA 40 \u2013 DEL 26 AL 01 DE SEPTIEMBRE<br \/><\/strong>En esta carrera de aventura para motos, quads, autos (T1 y T2) y UTV (T3 y T4), la participaci\u00f3n de algunos de los mejores pilotos del mundo esta asegurada gracias a la unificaci\u00f3n de los campeonatos del mundo de la FIA y de la FIM. El Desaf\u00edo Ruta 40 ofrecer\u00e1 a los participantes la oportunidad de poner a prueba sus habilidades en desafiantes etapas al tiempo que disfruten de paisajes espectaculares en una de las competencias m\u00e1s emocionantes del calendario.<br \/>Esta 11\u00ba edici\u00f3n de la DR40 transitara terrenos emblem\u00e1ticos de tres provincias que respiran rally. Recorrer\u00e1 los terrenos de La Rioja, Catamarca y Salta, que ya han quedado marcadas a fuego en la memoria de los pilotos y espectadores, gracias a la rica historia de esta diciplina en tiempos del Rally Dakar en Sudam\u00e9rica. Nuestra provincia ser\u00e1 escenario fundamental de esta competencia. Ya que aqu\u00ed dar\u00e1 inicio el desaf\u00edo y el Superdomo de La Rioja ser\u00e1 escenario del bivouac, parque de asistencia y la rampa de largada promocional. La apertura del bivouac ser\u00e1 el 22 de agosto y a partir del 26 comenzaran las distintas actividades que involucran los escenarios riojanos, despidi\u00e9ndose de nuestra provincia el 29 de agosto.<\/p>\n\n\n\n<figure class=\"wp-block-image size-large\"><img decoding=\"async\" src=\"https:\/\/radiolarioja.com.ar\/rlr\/wp-content\/uploads\/2023\/08\/WhatsApp-Image-2023-08-17-at-11.37.48-576x1024.jpeg\" alt=\"\" class=\"wp-image-15909\"\/><\/figure>\n","protected":false},"excerpt":{"rendered":"<p>DESAFI\u00cdO RUTA 40 \u2013 DEL 26 AL 01 DE SEPTIEMBREEn esta carrera de aventura para motos, quads, autos<\/p>\n","protected":false},"author":2,"featured_media":15909,"comment_status":"open","ping_status":"open","sticky":false,"template":"","format":"standard","meta":{"footnotes":""},"categories":[3],"tags":[],"class_list":["post-15907","post","type-post","status-publish","format-standard","has-post-thumbnail","hentry","category-deporte"],"featured_image_urls":{"full":"","thumbnail":"","medium":"","medium_large":"","large":"","1536x1536":"","2048x2048":"","morenews-large":"","morenews-medium":""},"author_info":{"info":["RadioLaRioja"]},"category_info":"<a href=\"https:\/\/radiolarioja.com.ar\/rlr\/category\/deporte\/\" rel=\"category tag\">Deporte<\/a>","tag_info":"Deporte","comment_count":"0","_links":{"self":[{"href":"https:\/\/radiolarioja.com.ar\/rlr\/wp-json\/wp\/v2\/posts\/15907","targetHints":{"allow":["GET"]}}],"collection":[{"href":"https:\/\/radiolarioja.com.ar\/rlr\/wp-json\/wp\/v2\/posts"}],"about":[{"href":"https:\/\/radiolarioja.com.ar\/rlr\/wp-json\/wp\/v2\/types\/post"}],"author":[{"embeddable":true,"href":"https:\/\/radiolarioja.com.ar\/rlr\/wp-json\/wp\/v2\/users\/2"}],"replies":[{"embeddable":true,"href":"https:\/\/radiolarioja.com.ar\/rlr\/wp-json\/wp\/v2\/comments?post=15907"}],"version-history":[{"count":0,"href":"https:\/\/radiolarioja.com.ar\/rlr\/wp-json\/wp\/v2\/posts\/15907\/revisions"}],"wp:featuredmedia":[{"embeddable":true,"href":"https:\/\/radiolarioja.com.ar\/rlr\/wp-json\/"}],"wp:attachment":[{"href":"https:\/\/radiolarioja.com.ar\/rlr\/wp-json\/wp\/v2\/media?parent=15907"}],"wp:term":[{"taxonomy":"category","embeddable":true,"href":"https:\/\/radiolarioja.com.ar\/rlr\/wp-json\/wp\/v2\/categories?post=15907"},{"taxonomy":"post_tag","embeddable":true,"href":"https:\/\/radiolarioja.com.ar\/rlr\/wp-json\/wp\/v2\/tags?post=15907"}],"curies":[{"name":"wp","href":"https:\/\/api.w.org\/{rel}","templated":true}]}}