{"id":15890,"date":"2023-08-18T11:17:45","date_gmt":"2023-08-18T14:17:45","guid":{"rendered":"https:\/\/radiolarioja.com.ar\/rlr\/?p=15890"},"modified":"2023-08-18T11:17:45","modified_gmt":"2023-08-18T14:17:45","slug":"fotos-destacada-participacion-escuelas-y-gran-despliegue-de-alumnos-expositores-en-la-feria-de-ciencias-en-el-paseo-cultural","status":"publish","type":"post","link":"https:\/\/radiolarioja.com.ar\/rlr\/fotos-destacada-participacion-escuelas-y-gran-despliegue-de-alumnos-expositores-en-la-feria-de-ciencias-en-el-paseo-cultural\/","title":{"rendered":"FOTOS: Destacada participaci\u00f3n Escuelas y gran despliegue de alumnos expositores en la Feria de Ciencias en el Paseo Cultural"},"content":{"rendered":"\n<p><span style=\"background-color:#ffbfb5\" class=\"td_text_highlight_marker\">Instancia provincial<\/span><\/p>\n\n\n\n<p><strong>Destacada participaci\u00f3n de instituciones educativas en la Feria de Ciencias y Tecnolog\u00eda<\/strong><\/p>\n\n\n\n<figure class=\"wp-block-gallery has-nested-images columns-default is-cropped wp-block-gallery-1 is-layout-flex wp-block-gallery-is-layout-flex\">\n<figure class=\"wp-block-image size-large\"><img decoding=\"async\" data-id=\"15893\" src=\"https:\/\/radiolarioja.com.ar\/rlr\/wp-content\/uploads\/2023\/08\/WhatsApp-Image-2023-08-18-at-11.13.34-1-828x1024.jpeg\" alt=\"\" class=\"wp-image-15893\"\/><\/figure>\n\n\n\n<figure class=\"wp-block-image size-large\"><img decoding=\"async\" data-id=\"15892\" src=\"https:\/\/radiolarioja.com.ar\/rlr\/wp-content\/uploads\/2023\/08\/WhatsApp-Image-2023-08-18-at-11.13.34-1024x845.jpeg\" alt=\"\" class=\"wp-image-15892\"\/><\/figure>\n\n\n\n<figure class=\"wp-block-image size-large\"><img decoding=\"async\" data-id=\"15894\" src=\"https:\/\/radiolarioja.com.ar\/rlr\/wp-content\/uploads\/2023\/08\/WhatsApp-Image-2023-08-18-at-11.13.35-1024x744.jpeg\" alt=\"\" class=\"wp-image-15894\"\/><\/figure>\n\n\n\n<figure class=\"wp-block-image size-large\"><img decoding=\"async\" data-id=\"15897\" src=\"https:\/\/radiolarioja.com.ar\/rlr\/wp-content\/uploads\/2023\/08\/WhatsApp-Image-2023-08-18-at-11.13.36-1-1024x682.jpeg\" alt=\"\" class=\"wp-image-15897\"\/><\/figure>\n\n\n\n<figure class=\"wp-block-image size-large\"><img decoding=\"async\" data-id=\"15895\" src=\"https:\/\/radiolarioja.com.ar\/rlr\/wp-content\/uploads\/2023\/08\/WhatsApp-Image-2023-08-18-at-11.13.36-1024x751.jpeg\" alt=\"\" class=\"wp-image-15895\"\/><\/figure>\n\n\n\n<figure class=\"wp-block-image size-large\"><img decoding=\"async\" data-id=\"15896\" src=\"https:\/\/radiolarioja.com.ar\/rlr\/wp-content\/uploads\/2023\/08\/WhatsApp-Image-2023-08-18-at-11.13.37-1-1024x820.jpeg\" alt=\"\" class=\"wp-image-15896\"\/><\/figure>\n\n\n\n<figure class=\"wp-block-image size-large\"><img decoding=\"async\" data-id=\"15898\" src=\"https:\/\/radiolarioja.com.ar\/rlr\/wp-content\/uploads\/2023\/08\/WhatsApp-Image-2023-08-18-at-11.13.37-1024x682.jpeg\" alt=\"\" class=\"wp-image-15898\"\/><\/figure>\n\n\n\n<figure class=\"wp-block-image size-large\"><img decoding=\"async\" data-id=\"15899\" src=\"https:\/\/radiolarioja.com.ar\/rlr\/wp-content\/uploads\/2023\/08\/WhatsApp-Image-2023-08-18-at-11.13.38-1-1024x794.jpeg\" alt=\"\" class=\"wp-image-15899\"\/><\/figure>\n\n\n\n<figure class=\"wp-block-image size-large\"><img decoding=\"async\" data-id=\"15901\" src=\"https:\/\/radiolarioja.com.ar\/rlr\/wp-content\/uploads\/2023\/08\/WhatsApp-Image-2023-08-18-at-11.13.38-1024x682.jpeg\" alt=\"\" class=\"wp-image-15901\"\/><\/figure>\n\n\n\n<figure class=\"wp-block-image size-large\"><img decoding=\"async\" data-id=\"15900\" src=\"https:\/\/radiolarioja.com.ar\/rlr\/wp-content\/uploads\/2023\/08\/WhatsApp-Image-2023-08-18-at-11.13.39-1.jpeg\" alt=\"\" class=\"wp-image-15900\"\/><\/figure>\n\n\n\n<figure class=\"wp-block-image size-large\"><img decoding=\"async\" data-id=\"15902\" src=\"https:\/\/radiolarioja.com.ar\/rlr\/wp-content\/uploads\/2023\/08\/WhatsApp-Image-2023-08-18-at-11.13.39-1024x682.jpeg\" alt=\"\" class=\"wp-image-15902\"\/><\/figure>\n\n\n\n<figure class=\"wp-block-image size-large\"><img decoding=\"async\" data-id=\"15903\" src=\"https:\/\/radiolarioja.com.ar\/rlr\/wp-content\/uploads\/2023\/08\/WhatsApp-Image-2023-08-18-at-11.13.40-1-1024x682.jpeg\" alt=\"\" class=\"wp-image-15903\"\/><\/figure>\n\n\n\n<figure class=\"wp-block-image size-large\"><img decoding=\"async\" data-id=\"15904\" src=\"https:\/\/radiolarioja.com.ar\/rlr\/wp-content\/uploads\/2023\/08\/WhatsApp-Image-2023-08-18-at-11.13.40.jpeg\" alt=\"\" class=\"wp-image-15904\"\/><\/figure>\n<\/figure>\n\n\n\n<p>282 trabajos de investigaci\u00f3n de escuelas de toda la provincia, dieron visibilidad al fuerte trabajo educativo que vienen realizando las instituciones en materia de ciencias, tecnolog\u00edas, rob\u00f3tica, historia y Educaci\u00f3n Ambiental, entre otras. 31 proyectos destacados quedaron seleccionados y participar\u00e1n en la instancia nacional en Tecn\u00f3polis, del 23 al 25 de septiembre pr\u00f3ximo.<br \/>En la jornada de este jueves, en la nave central del Paseo Cultural Castro Barros se desarroll\u00f3 la Instancia Provincial de Feria de Ciencias y Tecnolog\u00eda 2023, con la participaci\u00f3n de 282 proyectos pertenecientes a instituciones de todos los niveles y modalidades del sistema educativo provincial.<br \/>En la oportunidad, el Ministerio de Educaci\u00f3n, a trav\u00e9s de la Secretar\u00eda de Pol\u00edticas Socioeducativas, reuni\u00f3 a estudiantes y docentes de toda la provincia para exponer sus proyectos, relacionados a la ciencia, tecnolog\u00eda, arte, energ\u00eda renovable y mucho m\u00e1s; con el objetivo de acceder a la instancia nacional que se llevar\u00e1 a cabo el pr\u00f3ximo mes en Tecn\u00f3polis.<br \/>El ministro Ariel Mart\u00ednez, particip\u00f3 de la apertura y recorrido de los stands y lo acompa\u00f1aron la secretaria de Gesti\u00f3n Educativa, Zoraida Rodr\u00edguez, el secretario de Pol\u00edticas Socioeducativas Duilio Madera, el director general de EDELaR Jer\u00f3nimo Quintela; el ministro de Trabajo, Empleo e Industria Federico Baz\u00e1n y la secretaria de Industria Julieta Calder\u00f3n. Asimismo, para el cierre y entrega de reconocimientos asistieron tambi\u00e9n el jefe de Gabinete Juan Luna, la secretaria de Planeamiento e Innovaci\u00f3n Educativa Vanesa Navarro, el ministro de Agua y Energ\u00eda Adolfo Scaglioni y el secretario de Ciencia y Tecnolog\u00eda Hugo Vera.<br \/>En la ceremonia donde se destacaron los proyectos que representar\u00e1n a la provincia en la Instancia Nacional, tambi\u00e9n fueron reconocidos aquellos que tuvieron como tem\u00e1tica el agua a trav\u00e9s del Ministerio de Agua y Energ\u00eda; mientras que, aquellos que trabajaron sobre la energ\u00eda en sus distintas variantes fueron reconocidos por EDELaR y, por \u00faltimo, recibieron su distinci\u00f3n los trabajos que investigaron sobre la donaci\u00f3n de \u00f3rganos como tema, a trav\u00e9s de la fundaci\u00f3n que preside Miriam Portugal.<br \/>En este sentido, el ministro de Educaci\u00f3n expres\u00f3 que \u201cEs muy importante la participaci\u00f3n de los estudiantes donde se visibiliza un claro acompa\u00f1amiento de las instituciones y los docentes, como as\u00ed tambi\u00e9n un fuerte esfuerzo y compromiso de los estudiantes\u201d.<br \/>\u201cEl objetivo de estos espacios no es solo hacer una exposici\u00f3n cient\u00edfica tecnol\u00f3gica, sino que estos trabajos tengan un fuerte v\u00ednculo con el territorio y ah\u00ed es donde observamos que no solo la escuela est\u00e1n las demandas educativas sino las demandas de una comunidad en donde a trav\u00e9s de la escuela se puede dar una respuesta\u201d, asegur\u00f3 Mart\u00ednez.<br \/>Al ser consultado por las expectativas en esta segunda etapa, el titular destac\u00f3 que \u201cEs muy importante que se haya llevado adelante todo lo planificado, tenemos un sistema educativo totalmente funcionando con un fuerte trabajo de articulaci\u00f3n gremial, hemos avanzado con concursos docentes, titularizaciones, infraestructura escolar, innovaci\u00f3n educativa y plan estrat\u00e9gico educativo para toda la provincia\u201d.<br \/>Por su parte, la secretaria de Gesti\u00f3n Educativa Zoraida Rodr\u00edguez expres\u00f3 que \u201cestamos muy muy contentos porque tenemos m\u00e1s de 280 trabajos que hoy presentan todos los estudiantes del sistema educativo, vemos trabajos de innovaci\u00f3n, de proyectos que le sirven a la comunidad de cada uno de los pueblos y lugares en donde est\u00e1n situadas las escuelas\u201d.<br \/>\u201cQuiero felicitar a cada uno de los equipos, directivos, docentes de nuestras instituciones, de todos los niveles y modalidades porque ha sido una hermosa feria con un trabajo transversal sostenido en el tiempo que estamos haciendo durante todo el a\u00f1o y estos son los resultados\u201d, sum\u00f3.<br \/>En la oportunidad, Duilio Madera explic\u00f3 que \u201cla novedad de esta feria es que nos acompa\u00f1a la gente de la empresa Edelar y referentes lo que tienen que ver con el desarrollo como es el Ministerio de Industria con la idea que se puedan integrar las actividades privadas con las p\u00fablicas para que las empresas puedan potenciar estos trabajos\u201d.<br \/>Asimismo, destac\u00f3 que \u201c30 proyectos nos representaran a nivel nacional a fines de septiembre en donde van a llevar estos trabajos seleccionados. Cada a\u00f1o debemos mejorar el apoyo que hacemos desde Educaci\u00f3n para que estas acciones se fortalezcan para que los estudiantes despierten sus habilidades y su inter\u00e9s cient\u00edfico\u201d.<br \/>Trabajos destacados que participaran en la Instancia Nacional:<br \/>Nivel Inicial:<br \/>1.Identihuellas, Jard\u00edn N\u00b046, Capital;<br \/>2.Hilando Sue\u00f1os, Jard\u00edn N\u00b027, Sanagasta.<br \/>Nivel Primario:<br \/>3.Nosotros escribimos, ustedes nos leen, Esc. N\u00b0264 \u201cPbro. Lu\u00eds Torres Molina\u201d, Chamical<br \/>4.Diver Mate, Escuela N\u00b0408, Capital;<br \/>5.Eco Escuela, Esc. N\u00b017 \u201cLa Rioja Espa\u00f1ola\u201d<\/p>\n\n\n\n<ol class=\"wp-block-list\" start=\"6\">\n<li>Mi casa no es tu casa 2, Escuela Privada Federalito, Capital<br \/>7.Medrear Juntos, Esc. \u201cSanto Tom\u00e1s de Aquino\u201d, Capital<br \/>8.Dando la vuelta, Escuela P\u00edo XII, Capital.<br \/>Nivel Secundario:<br \/>9.El cine en la Literatura, Esc. Normal \u201cJos\u00e9 Salinas\u201d, Gral. Belgrano<br \/>10.La Trigoneta, Colegio N\u00b017 \u201cImelda Romero\u201d, Arauco<br \/>11.Ahuyentador de p\u00e1jaros para hortalizas, Escuela T\u00e9cnica Profesional mixta \u201cDon Honorio Rodr\u00edguez\u201d, Vinchina<br \/>12.Ni+Ni \u2013 Solo=, Esc. \u201cPbro. Lu\u00eds Torres Molina\u201d, Chamical<br \/>13.B\u00edo Hidro Filt \u2013 L@R, Esc. Normal \u201cJuan Facundo Quiroga\u201d, Chepes<br \/>14.Descubriendo lo invisible, Esc. Normal \u201cJuan Facundo Quiroga\u201d, Chepes<br \/>15.Maestra de la Patria, Col. Provincial \u201cProf. Severo Vega\u201d.<br \/>Emprendedurismo:<br \/>16.Moto Barredora, EPET N\u00b01 \u201cJuan Marino Ciose\u201d, Chepes.<br \/>Nivel Superior:<br \/>17.Julieta nos ense\u00f1a \u2013 Volumen 2, ISFD y TP \u201cPbro. Lu\u00eds Pradella\u201d, Malanz\u00e1n;<br \/>18.Del juglar al whatsap, ISFD \u201cPbro. Lu\u00eds Torres Molina\u201d, Chamical.<br \/>Educaci\u00f3n de j\u00f3venes y adultos:<br \/>19.Conciencia desing, CEJA N\u00b0150, Capital.<br \/>Educaci\u00f3n especial:<br \/>20.Tejiendo ecolog\u00edas, Escuela Laboral N\u00b0353, Capital.<br \/>Educaci\u00f3n en contexto de encierro:<br \/>21.Aprendo reciclando, Unidad educativa Servicio Penitenciario Provincial, Capital.<br \/>Educaci\u00f3n intercultural biling\u00fce:<br \/>22.Dios Kunamanta Saqisca Sapallo, Escuela N\u00b011, Sanagasta.<br \/>Educaci\u00f3n domiciliar\u00eda y hospitalaria:<br \/>23.Con sabor a le\u00f1a, Escuela N\u00b011, Sanagasta.<br \/>Educaci\u00f3n art\u00edstica primaria:<br \/>24.Melod\u00edas did\u00e1cticas, Escuela N\u00b0 365 \u201cProv. de Misiones\u201d, Capital.<br \/>Educaci\u00f3n art\u00edstica secundaria:<br \/>25.La Rioja Esot\u00e9rica, Escuela Provincial de Comercio, Famatina.<br \/>Educaci\u00f3n t\u00e9cnico profesional:<br \/>26.Filamentando, Escuela Provincial de Aminga, Castro Barros<br \/>27.Asfalto innovador, EPET N\u00b0 2, Capital<br \/>28.Miski Ahunchi Taku, Colegio Provincial de Aminga, Castro Barros;<br \/>29.Contray Revitalizaci\u00f3n Agroecol\u00f3gica, Esc. \u201cWolf Schcolnick\u201d, Famatina.<br \/>Educaci\u00f3n en contexto rural:<br \/>30.Tras las huellas del Chapaq III, Col. Secundario de Santa Cruz, Famatina.<br \/>Extraordinario:<br \/>31.Aguamentes Riojanas, Esc. Normal \u201cJuan Facundo Quiroga\u201d, Chepes.<\/li>\n<\/ol>\n","protected":false},"excerpt":{"rendered":"<p>Instancia provincial Destacada participaci\u00f3n de instituciones educativas en la Feria de Ciencias y Tecnolog\u00eda 282 trabajos de investigaci\u00f3n<\/p>\n","protected":false},"author":2,"featured_media":15893,"comment_status":"open","ping_status":"open","sticky":false,"template":"","format":"standard","meta":{"footnotes":""},"categories":[12],"tags":[],"class_list":["post-15890","post","type-post","status-publish","format-standard","has-post-thumbnail","hentry","category-local"],"featured_image_urls":{"full":"","thumbnail":"","medium":"","medium_large":"","large":"","1536x1536":"","2048x2048":"","morenews-large":"","morenews-medium":""},"author_info":{"info":["RadioLaRioja"]},"category_info":"<a href=\"https:\/\/radiolarioja.com.ar\/rlr\/category\/local\/\" rel=\"category tag\">Local<\/a>","tag_info":"Local","comment_count":"0","_links":{"self":[{"href":"https:\/\/radiolarioja.com.ar\/rlr\/wp-json\/wp\/v2\/posts\/15890","targetHints":{"allow":["GET"]}}],"collection":[{"href":"https:\/\/radiolarioja.com.ar\/rlr\/wp-json\/wp\/v2\/posts"}],"about":[{"href":"https:\/\/radiolarioja.com.ar\/rlr\/wp-json\/wp\/v2\/types\/post"}],"author":[{"embeddable":true,"href":"https:\/\/radiolarioja.com.ar\/rlr\/wp-json\/wp\/v2\/users\/2"}],"replies":[{"embeddable":true,"href":"https:\/\/radiolarioja.com.ar\/rlr\/wp-json\/wp\/v2\/comments?post=15890"}],"version-history":[{"count":0,"href":"https:\/\/radiolarioja.com.ar\/rlr\/wp-json\/wp\/v2\/posts\/15890\/revisions"}],"wp:featuredmedia":[{"embeddable":true,"href":"https:\/\/radiolarioja.com.ar\/rlr\/wp-json\/"}],"wp:attachment":[{"href":"https:\/\/radiolarioja.com.ar\/rlr\/wp-json\/wp\/v2\/media?parent=15890"}],"wp:term":[{"taxonomy":"category","embeddable":true,"href":"https:\/\/radiolarioja.com.ar\/rlr\/wp-json\/wp\/v2\/categories?post=15890"},{"taxonomy":"post_tag","embeddable":true,"href":"https:\/\/radiolarioja.com.ar\/rlr\/wp-json\/wp\/v2\/tags?post=15890"}],"curies":[{"name":"wp","href":"https:\/\/api.w.org\/{rel}","templated":true}]}}