{"id":15874,"date":"2023-08-18T10:48:52","date_gmt":"2023-08-18T13:48:52","guid":{"rendered":"https:\/\/radiolarioja.com.ar\/rlr\/?p=15874"},"modified":"2023-08-18T10:48:52","modified_gmt":"2023-08-18T13:48:52","slug":"desovillando-la-madeja","status":"publish","type":"post","link":"https:\/\/radiolarioja.com.ar\/rlr\/desovillando-la-madeja\/","title":{"rendered":"Desovillando la madeja"},"content":{"rendered":"\n<figure class=\"wp-block-image alignleft size-full is-resized\"><img decoding=\"async\" src=\"https:\/\/radiolarioja.com.ar\/rlr\/wp-content\/uploads\/2023\/08\/images-2.jpg\" alt=\"\" class=\"wp-image-15878\" style=\"width:169px;height:127px\" width=\"169\" height=\"127\"\/><\/figure>\n\n\n\n<p>Ya llega el viernes despu\u00e9s de la tormenta que PAS\u00d3- en la PASO-.<br \/>Hasta hoy hice abstinencia de palabra, prefer\u00ed el silencio, donde hay palabras que se pulen y no se gastan.<\/p>\n\n\n\n<p>Le\u00ed muchas palabras, todas valiosas y escuch\u00e9, cosa que me cuesta, muchas voces.<\/p>\n\n\n\n<p>Hasta hoy, saco en limpio que la derrota duele pero no paraliza. Que el dolor no mata la alegria y los sue\u00f1os e ideales. La tristeza si. Por eso la tristeza es de los vencidos. Nosotrxs no lo somos. Somos como dice una frase: \u00bb soldadxs derrotadxs de una causa invencible\u00bb.<\/p>\n\n\n\n<p>Seguramente hay que revisar cosas, en el campo nacional y popular, muchas. Pero sin resignar ideales, ni ser tibios, ni buscar evitar la incomodidad de los poderosos corri\u00e9ndonos al centro para quedar bien y terminar siendo t\u00e9 de t\u00e9, que no hace mal ni bien. Y lo peor, perder identidad transformadora y revolucionaria. Tampoco encerrarnos en el microclima de secta, donde solo hablamos con consignas para los propios y nos aplaudimos entre nosotrxs, como si hubi\u00e9ramos conquistado todo, cuando solo hemos conquistado un poco y falta un mont\u00f3n.<\/p>\n\n\n\n<p>Hablamos mucho para adentro y somos un poco mudos y sordos para fuera.<\/p>\n\n\n\n<p>Hay tiempos o \u00e9pocas, que abundan las incertidumbres y nos afectan a todxs.<\/p>\n\n\n\n<p>Pero hay una certeza en el campo popular, implacable y necesaria: ser y estar con el pueblo, aunque la tormenta arrecie y las turbulencias nos hagan trastabillar o obnuvilar. Siempre habr\u00e1 un poquito de luz y firmeza, anclados en el coraz\u00f3n del pueblo y de su causa que es la vida, la libertad y la justicia.<\/p>\n\n\n\n<p>La adversidad o nos detiene en el des\u00e1nimo o nos relanza a la lucha y la esperanza, no la esperanza de esperar inm\u00f3vil, no. La esperanza de esperanzar, que es amasar, que es enamorar, que es crear y pensar futuros que nos ayuden a caminar y a no quedarnos parados cabizbajos o mirando al cielo, unidos, aprendiendo y atrevi\u00e9ndonos, no perdon\u00e1ndonos la apatia, ni el cansancio, ni la desiluci\u00f3n, ni el ego\u00edsmo de tener solo yo la raz\u00f3n, porque el tiempo urge y nos reclama, \u00bb que hay que seguir andando, nom\u00e1s\u00bb, con la alegria a cuesta y con las ganas intactas.<\/p>\n\n\n\n<figure class=\"wp-block-image size-full is-resized\"><img fetchpriority=\"high\" decoding=\"async\" src=\"https:\/\/radiolarioja.com.ar\/rlr\/wp-content\/uploads\/2023\/08\/descarga-9.jpg\" alt=\"\" class=\"wp-image-15879\" style=\"width:956px;height:635px\" width=\"956\" height=\"635\"\/><\/figure>\n\n\n\n<p><em>Pocho Brizuela<\/em><\/p>\n","protected":false},"excerpt":{"rendered":"<p>Ya llega el viernes despu\u00e9s de la tormenta que PAS\u00d3- en la PASO-.Hasta hoy hice abstinencia de palabra,<\/p>\n","protected":false},"author":2,"featured_media":15878,"comment_status":"open","ping_status":"open","sticky":false,"template":"","format":"standard","meta":{"footnotes":""},"categories":[16],"tags":[],"class_list":["post-15874","post","type-post","status-publish","format-standard","has-post-thumbnail","hentry","category-opinion"],"featured_image_urls":{"full":"","thumbnail":"","medium":"","medium_large":"","large":"","1536x1536":"","2048x2048":"","morenews-large":"","morenews-medium":""},"author_info":{"info":["RadioLaRioja"]},"category_info":"<a href=\"https:\/\/radiolarioja.com.ar\/rlr\/category\/opinion\/\" rel=\"category tag\">Opini\u00f3n<\/a>","tag_info":"Opini\u00f3n","comment_count":"0","_links":{"self":[{"href":"https:\/\/radiolarioja.com.ar\/rlr\/wp-json\/wp\/v2\/posts\/15874","targetHints":{"allow":["GET"]}}],"collection":[{"href":"https:\/\/radiolarioja.com.ar\/rlr\/wp-json\/wp\/v2\/posts"}],"about":[{"href":"https:\/\/radiolarioja.com.ar\/rlr\/wp-json\/wp\/v2\/types\/post"}],"author":[{"embeddable":true,"href":"https:\/\/radiolarioja.com.ar\/rlr\/wp-json\/wp\/v2\/users\/2"}],"replies":[{"embeddable":true,"href":"https:\/\/radiolarioja.com.ar\/rlr\/wp-json\/wp\/v2\/comments?post=15874"}],"version-history":[{"count":0,"href":"https:\/\/radiolarioja.com.ar\/rlr\/wp-json\/wp\/v2\/posts\/15874\/revisions"}],"wp:featuredmedia":[{"embeddable":true,"href":"https:\/\/radiolarioja.com.ar\/rlr\/wp-json\/"}],"wp:attachment":[{"href":"https:\/\/radiolarioja.com.ar\/rlr\/wp-json\/wp\/v2\/media?parent=15874"}],"wp:term":[{"taxonomy":"category","embeddable":true,"href":"https:\/\/radiolarioja.com.ar\/rlr\/wp-json\/wp\/v2\/categories?post=15874"},{"taxonomy":"post_tag","embeddable":true,"href":"https:\/\/radiolarioja.com.ar\/rlr\/wp-json\/wp\/v2\/tags?post=15874"}],"curies":[{"name":"wp","href":"https:\/\/api.w.org\/{rel}","templated":true}]}}