{"id":15862,"date":"2023-08-18T10:38:30","date_gmt":"2023-08-18T13:38:30","guid":{"rendered":"https:\/\/radiolarioja.com.ar\/rlr\/?p=15862"},"modified":"2023-08-18T10:38:30","modified_gmt":"2023-08-18T13:38:30","slug":"la-ctera-pide-urgente-convocatoria-a-la-paritaria-nacional-docente","status":"publish","type":"post","link":"https:\/\/radiolarioja.com.ar\/rlr\/la-ctera-pide-urgente-convocatoria-a-la-paritaria-nacional-docente\/","title":{"rendered":"La Ctera pide \u00aburgente convocatoria\u00bb a la paritaria nacional docente"},"content":{"rendered":"\n<p>La Confederaci\u00f3n de Trabajadores de la Educaci\u00f3n de la Rep\u00fablica Argentina (Ctera) solicit\u00f3 la \u00aburgente convocatoria\u00bb a la paritaria nacional docente para \u00abrecuperar el poder adquisitivo de los salarios\u00bb de los docentes.<\/p>\n\n\n\n<p>\u00abEn los \u00faltimos d\u00edas, producto de la devaluaci\u00f3n se produjo un incremento de los precios desmedido, en los que nuevamente los sectores especuladores siguen ampliando sus ganancias a costilla de los bolsillos de las y los trabajadores\u00bb, advirti\u00f3 la organizaci\u00f3n en un comunicado difundido en las \u00faltimas horas<\/p>\n\n\n\n<p>En ese marco, se\u00f1alaron que \u00abante esta situaci\u00f3n, los acuerdos paritarios alcanzados por lxs trabajadorxs han quedado desfasados de la realidad, al igual que los haberes de las y los docentes jubilados\u00bb.<\/p>\n\n\n\n<p>\u00abDesde Ctera vemos la necesidad, no solo de la recomposici\u00f3n salarial, sino de poner un l\u00edmite, con medidas econ\u00f3micas concretas, a aquellos que siguen multiplicando sus ganancias indiscriminadamente\u00bb, indicaron tambi\u00e9n.<\/p>\n\n\n\n<p>Y agregaron: \u00abPor este motivo la Ctera exige al Gobierno nacional la urgente convocatoria a la Paritaria Nacional Docente para recuperar el poder adquisitivo de nuestros salarios\u00bb.<\/p>\n\n\n\n<p>El comunicado lleva la firma de Sonia Alesso, secretaria general del gremio, y Roberto Baradel, secretario general adjunto.<\/p>\n\n\n\n<p>En declaraciones a la emisora AM 750, Alesso explic\u00f3: \u00abAcompa\u00f1amos el pedido desde la CTA de la suma fija para los trabajadores conveniados y para los jubilados, y para los distintos planes sociales y tambi\u00e9n desde Ctera lo que estamos planteando es la necesidad de adelantar la paritaria que estaba prevista para septiembre y poder adelantar la discusi\u00f3n para agosto teniendo en cuenta esta devaluaci\u00f3n\u00bb.<\/p>\n\n\n\n<p>\u00abEsto debe ser de manera urgente porque ya hoy los trabajadores y las trabajadoras empezamos a sentir los efectos de la devaluaci\u00f3n y del aumento indiscriminado de precios y esto se da hoy en la canasta alimentaria de los docentes, de ah\u00ed la necesidad de adelantar la paritaria a este mes y poder discutir la mejora del salario cuando antes\u00bb, remarc\u00f3.<\/p>\n\n\n\n<p>Consultada acerca de las propuestas electorales del candidato presidencial de La Libertad Avanza (LLA), Javier Milei, de implementar un sistema de vouchers para la educaci\u00f3n y de cerrar ministerios, Alesso apunt\u00f3: \u00abMe parece que lo que hay que hacer es explicar qu\u00e9 significan las escuelas voucher, una propuesta que fracas\u00f3 en todos los lugares del mundo donde se aplic\u00f3\u00bb.<\/p>\n\n\n\n<p>En ese sentido, dijo que lo que plantea el candidato ultraliberal \u00abes un imposible, genera expectativa en la gente, pero explica muy poco, no dice d\u00f3nde se aplic\u00f3 eso\u00bb y se\u00f1al\u00f3 que \u00aben Chile y en Nicaragua fracas\u00f3 ese programa porque no solo que no mejoraron la calidad de la educaci\u00f3n sino que fragmentaron la educaci\u00f3n y en esos pa\u00edses las familias pobres fueron las m\u00e1s perjudicadas\u00bb.<\/p>\n\n\n\n<p>\u00abLo que hay que decir claramente es que si se quiere mejorar la educaci\u00f3n, hay que invertir m\u00e1s en educaci\u00f3n. No hay que cerrar el Conicet, hay que invertir mucho m\u00e1s en ciencia, t\u00e9cnica y tecnolog\u00eda. La educaci\u00f3n, la ciencia y tecnolog\u00eda son los pilares del mundo desarrollado. Si queremos una Argentina con desarrollo, una Argentina grande con inclusi\u00f3n social, tenemos que invertir en educaci\u00f3n p\u00fablica, no es un gasto, es una inversi\u00f3n\u00bb, opin\u00f3 Alesso finalmente.<\/p>\n\n\n\n<figure class=\"wp-block-image size-full\"><img decoding=\"async\" src=\"https:\/\/radiolarioja.com.ar\/rlr\/wp-content\/uploads\/2023\/08\/ctera-1024x576-1.webp\" alt=\"\" class=\"wp-image-15867\"\/><\/figure>\n","protected":false},"excerpt":{"rendered":"<p>La Confederaci\u00f3n de Trabajadores de la Educaci\u00f3n de la Rep\u00fablica Argentina (Ctera) solicit\u00f3 la \u00aburgente convocatoria\u00bb a la<\/p>\n","protected":false},"author":2,"featured_media":15867,"comment_status":"open","ping_status":"open","sticky":false,"template":"","format":"standard","meta":{"footnotes":""},"categories":[15],"tags":[],"class_list":["post-15862","post","type-post","status-publish","format-standard","has-post-thumbnail","hentry","category-nacional"],"featured_image_urls":{"full":"","thumbnail":"","medium":"","medium_large":"","large":"","1536x1536":"","2048x2048":"","morenews-large":"","morenews-medium":""},"author_info":{"info":["RadioLaRioja"]},"category_info":"<a href=\"https:\/\/radiolarioja.com.ar\/rlr\/category\/nacional\/\" rel=\"category tag\">Nacional<\/a>","tag_info":"Nacional","comment_count":"0","_links":{"self":[{"href":"https:\/\/radiolarioja.com.ar\/rlr\/wp-json\/wp\/v2\/posts\/15862","targetHints":{"allow":["GET"]}}],"collection":[{"href":"https:\/\/radiolarioja.com.ar\/rlr\/wp-json\/wp\/v2\/posts"}],"about":[{"href":"https:\/\/radiolarioja.com.ar\/rlr\/wp-json\/wp\/v2\/types\/post"}],"author":[{"embeddable":true,"href":"https:\/\/radiolarioja.com.ar\/rlr\/wp-json\/wp\/v2\/users\/2"}],"replies":[{"embeddable":true,"href":"https:\/\/radiolarioja.com.ar\/rlr\/wp-json\/wp\/v2\/comments?post=15862"}],"version-history":[{"count":0,"href":"https:\/\/radiolarioja.com.ar\/rlr\/wp-json\/wp\/v2\/posts\/15862\/revisions"}],"wp:featuredmedia":[{"embeddable":true,"href":"https:\/\/radiolarioja.com.ar\/rlr\/wp-json\/"}],"wp:attachment":[{"href":"https:\/\/radiolarioja.com.ar\/rlr\/wp-json\/wp\/v2\/media?parent=15862"}],"wp:term":[{"taxonomy":"category","embeddable":true,"href":"https:\/\/radiolarioja.com.ar\/rlr\/wp-json\/wp\/v2\/categories?post=15862"},{"taxonomy":"post_tag","embeddable":true,"href":"https:\/\/radiolarioja.com.ar\/rlr\/wp-json\/wp\/v2\/tags?post=15862"}],"curies":[{"name":"wp","href":"https:\/\/api.w.org\/{rel}","templated":true}]}}