{"id":15854,"date":"2023-08-18T09:47:46","date_gmt":"2023-08-18T12:47:46","guid":{"rendered":"https:\/\/radiolarioja.com.ar\/rlr\/?p=15854"},"modified":"2023-08-18T09:47:46","modified_gmt":"2023-08-18T12:47:46","slug":"audio-capacitacion-en-cannabis-medicinal-para-medicos-prescriptores-usos-terapeuticos","status":"publish","type":"post","link":"https:\/\/radiolarioja.com.ar\/rlr\/audio-capacitacion-en-cannabis-medicinal-para-medicos-prescriptores-usos-terapeuticos\/","title":{"rendered":"AUDIO: Capacitaci\u00f3n en Cannabis Medicinal para m\u00e9dicos prescriptores: usos terap\u00e9uticos."},"content":{"rendered":"\n<figure class=\"wp-block-audio\"><audio controls src=\"https:\/\/radiolarioja.com.ar\/rlr\/wp-content\/uploads\/2023\/08\/kaen.mp3\"><\/audio><\/figure>\n\n\n\n<p>Capacitaci\u00f3n en Cannabis Medicinal para m\u00e9dicos prescriptores: usos terap\u00e9uticos.<\/p>\n\n\n\n<figure class=\"wp-block-embed is-type-video is-provider-youtube wp-block-embed-youtube wp-embed-aspect-16-9 wp-has-aspect-ratio\"><div class=\"wp-block-embed__wrapper\">\n<iframe title=\"Capacitaci\u00f3n sobre Cannabis Medicinal en Uso Terapeutico para M\u00e9dicos Prescriptores\" width=\"640\" height=\"360\" src=\"https:\/\/www.youtube.com\/embed\/RNBOcPOCkt8?feature=oembed\" frameborder=\"0\" allow=\"accelerometer; autoplay; clipboard-write; encrypted-media; gyroscope; picture-in-picture; web-share\" referrerpolicy=\"strict-origin-when-cross-origin\" allowfullscreen><\/iframe>\n<\/div><\/figure>\n\n\n\n<figure class=\"wp-block-gallery has-nested-images columns-default is-cropped wp-block-gallery-1 is-layout-flex wp-block-gallery-is-layout-flex\">\n<figure class=\"wp-block-image size-large\"><img decoding=\"async\" data-id=\"15856\" src=\"https:\/\/radiolarioja.com.ar\/rlr\/wp-content\/uploads\/2023\/08\/WhatsApp-Image-2023-08-18-at-09.37.45-1-576x1024.jpeg\" alt=\"\" class=\"wp-image-15856\"\/><\/figure>\n\n\n\n<figure class=\"wp-block-image size-large\"><img decoding=\"async\" data-id=\"15857\" src=\"https:\/\/radiolarioja.com.ar\/rlr\/wp-content\/uploads\/2023\/08\/WhatsApp-Image-2023-08-18-at-09.37.45-576x1024.jpeg\" alt=\"\" class=\"wp-image-15857\"\/><\/figure>\n\n\n\n<figure class=\"wp-block-image size-large\"><img decoding=\"async\" data-id=\"15855\" src=\"https:\/\/radiolarioja.com.ar\/rlr\/wp-content\/uploads\/2023\/08\/WhatsApp-Image-2023-08-18-at-09.37.46-1-576x1024.jpeg\" alt=\"\" class=\"wp-image-15855\"\/><\/figure>\n\n\n\n<figure class=\"wp-block-image size-large\"><img decoding=\"async\" data-id=\"15858\" src=\"https:\/\/radiolarioja.com.ar\/rlr\/wp-content\/uploads\/2023\/08\/WhatsApp-Image-2023-08-18-at-09.37.46-2-1024x576.jpeg\" alt=\"\" class=\"wp-image-15858\"\/><\/figure>\n\n\n\n<figure class=\"wp-block-image size-large\"><img decoding=\"async\" data-id=\"15859\" src=\"https:\/\/radiolarioja.com.ar\/rlr\/wp-content\/uploads\/2023\/08\/WhatsApp-Image-2023-08-18-at-09.37.46-576x1024.jpeg\" alt=\"\" class=\"wp-image-15859\"\/><\/figure>\n<\/figure>\n\n\n\n<p><br \/>-Lugar: Auditorio HMYN. Organiza Dr. Gustavo Douglas. Dr. Aaron Kaen.<\/p>\n","protected":false},"excerpt":{"rendered":"<p>Capacitaci\u00f3n en Cannabis Medicinal para m\u00e9dicos prescriptores: usos terap\u00e9uticos. -Lugar: Auditorio HMYN. Organiza Dr. Gustavo Douglas. Dr. Aaron<\/p>\n","protected":false},"author":2,"featured_media":15856,"comment_status":"open","ping_status":"open","sticky":false,"template":"","format":"standard","meta":{"footnotes":""},"categories":[12],"tags":[],"class_list":["post-15854","post","type-post","status-publish","format-standard","has-post-thumbnail","hentry","category-local"],"featured_image_urls":{"full":"","thumbnail":"","medium":"","medium_large":"","large":"","1536x1536":"","2048x2048":"","morenews-large":"","morenews-medium":""},"author_info":{"info":["RadioLaRioja"]},"category_info":"<a href=\"https:\/\/radiolarioja.com.ar\/rlr\/category\/local\/\" rel=\"category tag\">Local<\/a>","tag_info":"Local","comment_count":"0","_links":{"self":[{"href":"https:\/\/radiolarioja.com.ar\/rlr\/wp-json\/wp\/v2\/posts\/15854","targetHints":{"allow":["GET"]}}],"collection":[{"href":"https:\/\/radiolarioja.com.ar\/rlr\/wp-json\/wp\/v2\/posts"}],"about":[{"href":"https:\/\/radiolarioja.com.ar\/rlr\/wp-json\/wp\/v2\/types\/post"}],"author":[{"embeddable":true,"href":"https:\/\/radiolarioja.com.ar\/rlr\/wp-json\/wp\/v2\/users\/2"}],"replies":[{"embeddable":true,"href":"https:\/\/radiolarioja.com.ar\/rlr\/wp-json\/wp\/v2\/comments?post=15854"}],"version-history":[{"count":0,"href":"https:\/\/radiolarioja.com.ar\/rlr\/wp-json\/wp\/v2\/posts\/15854\/revisions"}],"wp:featuredmedia":[{"embeddable":true,"href":"https:\/\/radiolarioja.com.ar\/rlr\/wp-json\/"}],"wp:attachment":[{"href":"https:\/\/radiolarioja.com.ar\/rlr\/wp-json\/wp\/v2\/media?parent=15854"}],"wp:term":[{"taxonomy":"category","embeddable":true,"href":"https:\/\/radiolarioja.com.ar\/rlr\/wp-json\/wp\/v2\/categories?post=15854"},{"taxonomy":"post_tag","embeddable":true,"href":"https:\/\/radiolarioja.com.ar\/rlr\/wp-json\/wp\/v2\/tags?post=15854"}],"curies":[{"name":"wp","href":"https:\/\/api.w.org\/{rel}","templated":true}]}}