{"id":15846,"date":"2023-08-17T23:57:42","date_gmt":"2023-08-18T02:57:42","guid":{"rendered":"https:\/\/radiolarioja.com.ar\/rlr\/?p=15846"},"modified":"2023-08-17T23:57:42","modified_gmt":"2023-08-18T02:57:42","slug":"gobierno-nacional-congela-el-precio-de-las-naftas-hasta-el-31-de-octubre","status":"publish","type":"post","link":"https:\/\/radiolarioja.com.ar\/rlr\/gobierno-nacional-congela-el-precio-de-las-naftas-hasta-el-31-de-octubre\/","title":{"rendered":"Gobierno Nacional Congela el precio de las Naftas hasta el 31 de octubre"},"content":{"rendered":"\n<p>&#8211;<\/p>\n\n\n\n<p>&#x2705; Congelan precios de naftas hasta el 31 de octubre<\/p>\n\n\n\n<p>&#x2705; Es por un acuerdo entre la industria y el Gobierno<\/p>\n\n\n\n<p>&#x2705; Habr\u00e1 beneficios fiscales que pueden ser quitados si las empresas violan el acuerdo<\/p>\n\n\n\n<p>&#x2705; Se activar\u00e1 en la Secretar\u00eda de Energ\u00eda un sistema de denuncias<\/p>\n\n\n\n<p>&#x2705; El Gobierno cede impuestos para que no haya m\u00e1s impacto en el bolsillo de la gente.<\/p>\n\n\n\n<figure class=\"wp-block-embed is-type-video is-provider-youtube wp-block-embed-youtube wp-embed-aspect-16-9 wp-has-aspect-ratio\"><div class=\"wp-block-embed__wrapper\">\n<iframe title=\"Renegociaci\u00f3n de precios de combustibles\" width=\"640\" height=\"360\" src=\"https:\/\/www.youtube.com\/embed\/XGgzzarkinY?feature=oembed\" frameborder=\"0\" allow=\"accelerometer; autoplay; clipboard-write; encrypted-media; gyroscope; picture-in-picture; web-share\" referrerpolicy=\"strict-origin-when-cross-origin\" allowfullscreen><\/iframe>\n<\/div><\/figure>\n\n\n\n<p>&#x1f446;&#x1f3fb;PRESENTES<\/p>\n\n\n\n<p>&#x2705; El encuentro estuvo encabezado por el ministro de Econom\u00eda, Sergio Massa. Estuvieron presentes la secretaria de Energ\u00eda Flavia Royon; Pablo Gonz\u00e1lez y Pablo Iuliano (YPF); Marcos Bulgheroni; Adri\u00e1n Vila (PLUSPETROL); Emilio Nadra y Rodrigo Fern\u00e1ndez Deleo (CGC); Francisco Villamil (Vista); Ricardo Markous (TECPETROL); Santiago Patr\u00f3n Costas (PAMPA ENERGY); Gustavo Scarini (PCR).<\/p>\n\n\n\n<figure class=\"wp-block-embed is-type-video is-provider-youtube wp-block-embed-youtube wp-embed-aspect-16-9 wp-has-aspect-ratio\"><div class=\"wp-block-embed__wrapper\">\n<iframe title=\"Renegociaci\u00f3n de precios de combustibles\" width=\"640\" height=\"360\" src=\"https:\/\/www.youtube.com\/embed\/XGgzzarkinY?feature=oembed\" frameborder=\"0\" allow=\"accelerometer; autoplay; clipboard-write; encrypted-media; gyroscope; picture-in-picture; web-share\" referrerpolicy=\"strict-origin-when-cross-origin\" allowfullscreen><\/iframe>\n<\/div><\/figure>\n","protected":false},"excerpt":{"rendered":"<p>&#8211; &#x2705; Congelan precios de naftas hasta el 31 de octubre &#x2705; Es por un acuerdo entre la<\/p>\n","protected":false},"author":2,"featured_media":15849,"comment_status":"open","ping_status":"open","sticky":false,"template":"","format":"standard","meta":{"footnotes":""},"categories":[15],"tags":[],"class_list":["post-15846","post","type-post","status-publish","format-standard","has-post-thumbnail","hentry","category-nacional"],"featured_image_urls":{"full":"","thumbnail":"","medium":"","medium_large":"","large":"","1536x1536":"","2048x2048":"","morenews-large":"","morenews-medium":""},"author_info":{"info":["RadioLaRioja"]},"category_info":"<a href=\"https:\/\/radiolarioja.com.ar\/rlr\/category\/nacional\/\" rel=\"category tag\">Nacional<\/a>","tag_info":"Nacional","comment_count":"0","_links":{"self":[{"href":"https:\/\/radiolarioja.com.ar\/rlr\/wp-json\/wp\/v2\/posts\/15846","targetHints":{"allow":["GET"]}}],"collection":[{"href":"https:\/\/radiolarioja.com.ar\/rlr\/wp-json\/wp\/v2\/posts"}],"about":[{"href":"https:\/\/radiolarioja.com.ar\/rlr\/wp-json\/wp\/v2\/types\/post"}],"author":[{"embeddable":true,"href":"https:\/\/radiolarioja.com.ar\/rlr\/wp-json\/wp\/v2\/users\/2"}],"replies":[{"embeddable":true,"href":"https:\/\/radiolarioja.com.ar\/rlr\/wp-json\/wp\/v2\/comments?post=15846"}],"version-history":[{"count":0,"href":"https:\/\/radiolarioja.com.ar\/rlr\/wp-json\/wp\/v2\/posts\/15846\/revisions"}],"wp:featuredmedia":[{"embeddable":true,"href":"https:\/\/radiolarioja.com.ar\/rlr\/wp-json\/"}],"wp:attachment":[{"href":"https:\/\/radiolarioja.com.ar\/rlr\/wp-json\/wp\/v2\/media?parent=15846"}],"wp:term":[{"taxonomy":"category","embeddable":true,"href":"https:\/\/radiolarioja.com.ar\/rlr\/wp-json\/wp\/v2\/categories?post=15846"},{"taxonomy":"post_tag","embeddable":true,"href":"https:\/\/radiolarioja.com.ar\/rlr\/wp-json\/wp\/v2\/tags?post=15846"}],"curies":[{"name":"wp","href":"https:\/\/api.w.org\/{rel}","templated":true}]}}