{"id":15842,"date":"2023-08-17T23:55:38","date_gmt":"2023-08-18T02:55:38","guid":{"rendered":"https:\/\/radiolarioja.com.ar\/rlr\/?p=15842"},"modified":"2023-08-17T23:55:38","modified_gmt":"2023-08-18T02:55:38","slug":"desorden-y-herido-con-arma-blanca-en-barrio-islas-malvinas","status":"publish","type":"post","link":"https:\/\/radiolarioja.com.ar\/rlr\/desorden-y-herido-con-arma-blanca-en-barrio-islas-malvinas\/","title":{"rendered":"Desorden y Herido con Arma Blanca en Barrio Islas Malvinas"},"content":{"rendered":"\n<p>El hecho sucedi\u00f3 pasado el medio d\u00eda en calle Leopoldo Lugones antes de Ag\u00fcero Vera del Barrio Islas Malvinas, en el domicilio del Conocido (SHESHO ROMERO) una persona de sexo masculino tendida en el patio del domicilio, donde al consultar las circunstancias personales del sujeto tendido, manifiesta ser \u00abHunter\u00bb de 28 a\u00f1os de edad del Barrio Ant\u00e1rtida quien aduce que mantuvo una discusi\u00f3n y posterior gresca con el Conocido TORDO ALANIZ (Conocido del ambiente delictivo) quien le habr\u00eda provocado varios cortes con un elemento corto punzante, en la zona del abdomen y en el gl\u00fateo izquierdo de consideraci\u00f3n. Tom\u00f3 participaci\u00f3n del hecho personal de emergencias del 107 que disponen el traslado del mismo hacia el nosocomio local.<\/p>\n\n\n\n<figure class=\"wp-block-image size-full is-resized\"><img fetchpriority=\"high\" decoding=\"async\" src=\"https:\/\/radiolarioja.com.ar\/rlr\/wp-content\/uploads\/2023\/08\/128209_1551058230.jpg\" alt=\"\" class=\"wp-image-15844\" style=\"width:955px;height:567px\" width=\"955\" height=\"567\"\/><\/figure>\n","protected":false},"excerpt":{"rendered":"<p>El hecho sucedi\u00f3 pasado el medio d\u00eda en calle Leopoldo Lugones antes de Ag\u00fcero Vera del Barrio Islas<\/p>\n","protected":false},"author":2,"featured_media":15844,"comment_status":"open","ping_status":"open","sticky":false,"template":"","format":"standard","meta":{"footnotes":""},"categories":[12],"tags":[],"class_list":["post-15842","post","type-post","status-publish","format-standard","has-post-thumbnail","hentry","category-local"],"featured_image_urls":{"full":"","thumbnail":"","medium":"","medium_large":"","large":"","1536x1536":"","2048x2048":"","morenews-large":"","morenews-medium":""},"author_info":{"info":["RadioLaRioja"]},"category_info":"<a href=\"https:\/\/radiolarioja.com.ar\/rlr\/category\/local\/\" rel=\"category tag\">Local<\/a>","tag_info":"Local","comment_count":"0","_links":{"self":[{"href":"https:\/\/radiolarioja.com.ar\/rlr\/wp-json\/wp\/v2\/posts\/15842","targetHints":{"allow":["GET"]}}],"collection":[{"href":"https:\/\/radiolarioja.com.ar\/rlr\/wp-json\/wp\/v2\/posts"}],"about":[{"href":"https:\/\/radiolarioja.com.ar\/rlr\/wp-json\/wp\/v2\/types\/post"}],"author":[{"embeddable":true,"href":"https:\/\/radiolarioja.com.ar\/rlr\/wp-json\/wp\/v2\/users\/2"}],"replies":[{"embeddable":true,"href":"https:\/\/radiolarioja.com.ar\/rlr\/wp-json\/wp\/v2\/comments?post=15842"}],"version-history":[{"count":0,"href":"https:\/\/radiolarioja.com.ar\/rlr\/wp-json\/wp\/v2\/posts\/15842\/revisions"}],"wp:featuredmedia":[{"embeddable":true,"href":"https:\/\/radiolarioja.com.ar\/rlr\/wp-json\/"}],"wp:attachment":[{"href":"https:\/\/radiolarioja.com.ar\/rlr\/wp-json\/wp\/v2\/media?parent=15842"}],"wp:term":[{"taxonomy":"category","embeddable":true,"href":"https:\/\/radiolarioja.com.ar\/rlr\/wp-json\/wp\/v2\/categories?post=15842"},{"taxonomy":"post_tag","embeddable":true,"href":"https:\/\/radiolarioja.com.ar\/rlr\/wp-json\/wp\/v2\/tags?post=15842"}],"curies":[{"name":"wp","href":"https:\/\/api.w.org\/{rel}","templated":true}]}}