{"id":15838,"date":"2023-08-17T23:28:42","date_gmt":"2023-08-18T02:28:42","guid":{"rendered":"https:\/\/radiolarioja.com.ar\/rlr\/?p=15838"},"modified":"2023-08-17T23:28:42","modified_gmt":"2023-08-18T02:28:42","slug":"tiro-deportivo-%f0%9f%9f%a0-delegacion-riojana-viaja-al-campeonato-nacional-juvenil","status":"publish","type":"post","link":"https:\/\/radiolarioja.com.ar\/rlr\/tiro-deportivo-%f0%9f%9f%a0-delegacion-riojana-viaja-al-campeonato-nacional-juvenil\/","title":{"rendered":"Tiro Deportivo &#x1f7e0; Delegaci\u00f3n riojana viaja al Campeonato Nacional Juvenil"},"content":{"rendered":"\n<p><strong>TiroDeportivo<br \/><\/strong><span style=\"background-color:#f7cc62\" class=\"td_text_highlight_marker\">&#x1f7e0; Delegaci\u00f3n riojana viaja al Campeonato Nacional Juvenil<\/span><\/p>\n\n\n\n<p>Un importante grupo de tiradores y tiradoras representar\u00e1n al Tiro Federal La Rioja en el certamen que se concretar\u00e1 este fin de semana en Buenos Aires.<\/p>\n\n\n\n<p>Ser\u00e1n siete en total los deportistas que competir\u00e1n en esta nueva edici\u00f3n del Campeonato Nacional Juvenil, que por supuesto tendr\u00e1 la presencia de todos los mejores exponentes del pa\u00eds. Tras una fuerte preparaci\u00f3n, los chicos riojanos intentar\u00e1n sumar la mayor cantidad de puntos con la seria intenci\u00f3n de posicionarse en los podios de las distintas categor\u00edas.<\/p>\n\n\n\n<p>Julieta As\u00eds, Julieta Gonz\u00e1lez, Lara Ver\u00f3n, Samir Carbel, Jazm\u00edn Ortiz, Tiziana Valles y Benjam\u00edn Barrionuevo son los deportistas que integran el equipo y que viajar\u00e1n junto a los instructores de la Escuela de Tiro: Rodrigo Velarte y Camilo Silva.<\/p>\n\n\n\n<p>Sin dudas, ser\u00e1 otra gran oportunidad para ver en acci\u00f3n a los j\u00f3venes riojanos que vienen teniendo un gran progreso en los \u00faltimos a\u00f1os y que sumar\u00e1n una gran experiencia en este nuevo evento nacional.<\/p>\n\n\n\n<figure class=\"wp-block-image size-full is-resized\"><img fetchpriority=\"high\" decoding=\"async\" src=\"https:\/\/radiolarioja.com.ar\/rlr\/wp-content\/uploads\/2023\/08\/WhatsApp-Image-2023-08-17-at-20.21.30.jpeg\" alt=\"\" class=\"wp-image-15840\" style=\"width:950px;height:1098px\" width=\"950\" height=\"1098\"\/><\/figure>\n","protected":false},"excerpt":{"rendered":"<p>TiroDeportivo&#x1f7e0; Delegaci\u00f3n riojana viaja al Campeonato Nacional Juvenil Un importante grupo de tiradores y tiradoras representar\u00e1n al Tiro<\/p>\n","protected":false},"author":2,"featured_media":15840,"comment_status":"open","ping_status":"open","sticky":false,"template":"","format":"standard","meta":{"footnotes":""},"categories":[3],"tags":[],"class_list":["post-15838","post","type-post","status-publish","format-standard","has-post-thumbnail","hentry","category-deporte"],"featured_image_urls":{"full":"","thumbnail":"","medium":"","medium_large":"","large":"","1536x1536":"","2048x2048":"","morenews-large":"","morenews-medium":""},"author_info":{"info":["RadioLaRioja"]},"category_info":"<a href=\"https:\/\/radiolarioja.com.ar\/rlr\/category\/deporte\/\" rel=\"category tag\">Deporte<\/a>","tag_info":"Deporte","comment_count":"0","_links":{"self":[{"href":"https:\/\/radiolarioja.com.ar\/rlr\/wp-json\/wp\/v2\/posts\/15838","targetHints":{"allow":["GET"]}}],"collection":[{"href":"https:\/\/radiolarioja.com.ar\/rlr\/wp-json\/wp\/v2\/posts"}],"about":[{"href":"https:\/\/radiolarioja.com.ar\/rlr\/wp-json\/wp\/v2\/types\/post"}],"author":[{"embeddable":true,"href":"https:\/\/radiolarioja.com.ar\/rlr\/wp-json\/wp\/v2\/users\/2"}],"replies":[{"embeddable":true,"href":"https:\/\/radiolarioja.com.ar\/rlr\/wp-json\/wp\/v2\/comments?post=15838"}],"version-history":[{"count":0,"href":"https:\/\/radiolarioja.com.ar\/rlr\/wp-json\/wp\/v2\/posts\/15838\/revisions"}],"wp:featuredmedia":[{"embeddable":true,"href":"https:\/\/radiolarioja.com.ar\/rlr\/wp-json\/"}],"wp:attachment":[{"href":"https:\/\/radiolarioja.com.ar\/rlr\/wp-json\/wp\/v2\/media?parent=15838"}],"wp:term":[{"taxonomy":"category","embeddable":true,"href":"https:\/\/radiolarioja.com.ar\/rlr\/wp-json\/wp\/v2\/categories?post=15838"},{"taxonomy":"post_tag","embeddable":true,"href":"https:\/\/radiolarioja.com.ar\/rlr\/wp-json\/wp\/v2\/tags?post=15838"}],"curies":[{"name":"wp","href":"https:\/\/api.w.org\/{rel}","templated":true}]}}