{"id":15833,"date":"2023-08-17T23:26:30","date_gmt":"2023-08-18T02:26:30","guid":{"rendered":"https:\/\/radiolarioja.com.ar\/rlr\/?p=15833"},"modified":"2023-08-17T23:26:30","modified_gmt":"2023-08-18T02:26:30","slug":"patin-artistico-arranca-el-tercer-torneo-provincial-2023","status":"publish","type":"post","link":"https:\/\/radiolarioja.com.ar\/rlr\/patin-artistico-arranca-el-tercer-torneo-provincial-2023\/","title":{"rendered":"Pat\u00edn Art\u00edstico: Arranca el Tercer Torneo Provincial 2023"},"content":{"rendered":"\n<h1 class=\"wp-block-heading\">PatinArtistico<\/h1>\n\n\n\n<p>&#x1f534; Arranca el tercer Torneo Provincial 2023<\/p>\n\n\n\n<p>Un nuevo certamen se pondr\u00e1 en marcha este viernes, con la presencia de deportistas de todas las escuelas que funcionan en el \u00e1mbito de nuestra provincia. Ser\u00e1n cuatro jornadas a pura acci\u00f3n en la pista, ubicada en el Polideportivo Evita.<\/p>\n\n\n\n<p>La Federaci\u00f3n Riojana de Patinaje (FERPA) pone en disputa durante cuatro jornadas consecutivas un nuevo evento, previsto en el calendario 2023 de la disciplina, donde patinadores y patinadoras de toda la provincia buscar\u00e1n desplegar su mejor performance en la pista, con el gran objetivo de alcanzar lugares en el podio de cada categor\u00eda.<\/p>\n\n\n\n<figure class=\"wp-block-image size-large\"><img decoding=\"async\" src=\"https:\/\/radiolarioja.com.ar\/rlr\/wp-content\/uploads\/2023\/08\/WhatsApp-Image-2023-08-17-at-20.08.30-1019x1024.jpeg\" alt=\"\" class=\"wp-image-15836\"\/><\/figure>\n\n\n\n<p>Una de las grandes variantes en esta temporada, es la confirmaci\u00f3n de cuatro d\u00edas a pura adrenalina entre las atletas, donde las 18 escuelas que funcionan tanto en Capital, como en Chilecito, Chamical y Patquia tendr\u00e1n competencia con sus deportistas. Seg\u00fan informaron desde la organizaci\u00f3n, la primera jornada deportiva se pondr\u00e1 en marcha este viernes a las 15.00.<\/p>\n\n\n\n<p>Cabe recordar que este evento servir\u00e1 de preparaci\u00f3n para los pr\u00f3ximos eventos que se avecinan, tanto en el orden regional como nacional. La fiscalizaci\u00f3n del evento correr\u00e1 por cuenta del staff de jueces de la Federaci\u00f3n Riojana y la organizaci\u00f3n ser\u00e1 del Comit\u00e9 de Pat\u00edn Art\u00edstico, que encabeza Elisa Ludue\u00f1a.<\/p>\n\n\n\n<figure class=\"wp-block-image size-large\"><img decoding=\"async\" src=\"https:\/\/radiolarioja.com.ar\/rlr\/wp-content\/uploads\/2023\/08\/WhatsApp-Image-2023-08-17-at-20.08.09-1024x675.jpeg\" alt=\"\" class=\"wp-image-15835\"\/><\/figure>\n","protected":false},"excerpt":{"rendered":"<p>PatinArtistico &#x1f534; Arranca el tercer Torneo Provincial 2023 Un nuevo certamen se pondr\u00e1 en marcha este viernes, con<\/p>\n","protected":false},"author":2,"featured_media":15836,"comment_status":"open","ping_status":"open","sticky":false,"template":"","format":"standard","meta":{"footnotes":""},"categories":[3],"tags":[],"class_list":["post-15833","post","type-post","status-publish","format-standard","has-post-thumbnail","hentry","category-deporte"],"featured_image_urls":{"full":"","thumbnail":"","medium":"","medium_large":"","large":"","1536x1536":"","2048x2048":"","morenews-large":"","morenews-medium":""},"author_info":{"info":["RadioLaRioja"]},"category_info":"<a href=\"https:\/\/radiolarioja.com.ar\/rlr\/category\/deporte\/\" rel=\"category tag\">Deporte<\/a>","tag_info":"Deporte","comment_count":"0","_links":{"self":[{"href":"https:\/\/radiolarioja.com.ar\/rlr\/wp-json\/wp\/v2\/posts\/15833","targetHints":{"allow":["GET"]}}],"collection":[{"href":"https:\/\/radiolarioja.com.ar\/rlr\/wp-json\/wp\/v2\/posts"}],"about":[{"href":"https:\/\/radiolarioja.com.ar\/rlr\/wp-json\/wp\/v2\/types\/post"}],"author":[{"embeddable":true,"href":"https:\/\/radiolarioja.com.ar\/rlr\/wp-json\/wp\/v2\/users\/2"}],"replies":[{"embeddable":true,"href":"https:\/\/radiolarioja.com.ar\/rlr\/wp-json\/wp\/v2\/comments?post=15833"}],"version-history":[{"count":0,"href":"https:\/\/radiolarioja.com.ar\/rlr\/wp-json\/wp\/v2\/posts\/15833\/revisions"}],"wp:featuredmedia":[{"embeddable":true,"href":"https:\/\/radiolarioja.com.ar\/rlr\/wp-json\/"}],"wp:attachment":[{"href":"https:\/\/radiolarioja.com.ar\/rlr\/wp-json\/wp\/v2\/media?parent=15833"}],"wp:term":[{"taxonomy":"category","embeddable":true,"href":"https:\/\/radiolarioja.com.ar\/rlr\/wp-json\/wp\/v2\/categories?post=15833"},{"taxonomy":"post_tag","embeddable":true,"href":"https:\/\/radiolarioja.com.ar\/rlr\/wp-json\/wp\/v2\/tags?post=15833"}],"curies":[{"name":"wp","href":"https:\/\/api.w.org\/{rel}","templated":true}]}}