{"id":15830,"date":"2023-08-17T23:12:10","date_gmt":"2023-08-18T02:12:10","guid":{"rendered":"https:\/\/radiolarioja.com.ar\/rlr\/?p=15830"},"modified":"2023-08-17T23:12:10","modified_gmt":"2023-08-18T02:12:10","slug":"el-desafio-ruta-40-vuelve-a-la-competencia-internacional-y-largara-desde-la-rioja","status":"publish","type":"post","link":"https:\/\/radiolarioja.com.ar\/rlr\/el-desafio-ruta-40-vuelve-a-la-competencia-internacional-y-largara-desde-la-rioja\/","title":{"rendered":"El Desaf\u00edo Ruta 40 vuelve a la competencia internacional y largar\u00e1 desde La Rioja"},"content":{"rendered":"\n<p><span style=\"background-color:#ffbfb5\" class=\"td_text_highlight_marker\">Rally Cross Country<\/span><\/p>\n\n\n\n<p><strong>El Desaf\u00edo Ruta 40 vuelve a la competencia internacional y largar\u00e1 desde La Rioja<\/strong><\/p>\n\n\n\n<p>El Desaf\u00edo Ruta 40, una de las carreras m\u00e1s importantes de rally cross country, vuelve a la competencia internacional y la largada se har\u00e1 desde La Rioja. La apertura del bivouac ser\u00e1 el 22 de agosto en el Superdomo y a partir del 26 comenzar\u00e1n las distintas actividades que involucran los escenarios riojanos.<\/p>\n\n\n\n<p>Esta apasionante carrera de aventuras se realizar\u00e1 en el marco del Campeonato del Mundo de Rally \u2013 Raid (W2RC) y nuestra provincia ser\u00e1 escenario fundamental de esta competencia ya que el Superdomo ser\u00e1 el escenario del bivouac, parque de asistencia y rampa de largada promocional.<\/p>\n\n\n\n<p>Desde la Agencia de Espect\u00e1culos P\u00fablicos y Eventos se inform\u00f3 que el Desaf\u00edo Ruta 40 incluye la participaci\u00f3n de motos, quads y autos (T1 y T2) y UTV (T3 y T4) y que contar\u00e1 con la presencia de algunos de los mejores pilotos del mundo gracias a la unificaci\u00f3n de los campeonatos del mundo de la FIA y de la FIM.<\/p>\n\n\n\n<p>El Desaf\u00edo Ruta 40 ofrecer\u00e1 a los participantes la oportunidad de poner a prueba sus habilidades en desafiantes etapas al tiempo que permitir\u00e1 a los corredores disfrutar de paisajes espectaculares en una de las competencias m\u00e1s emocionantes del calendario.<\/p>\n\n\n\n<p>En esta 11\u00ba edici\u00f3n del Desaf\u00edo Ruta 40, los corredores transitar\u00e1n terrenos emblem\u00e1ticos de las provincias de La Rioja, Catamarca y Salta.<\/p>\n\n\n\n<p>La apertura del bivouac ser\u00e1 el 22 de agosto en el Superdomo y a partir del 26 comenzar\u00e1n las distintas actividades que involucran los escenarios riojanos, despidi\u00e9ndose de nuestra provincia el 29 de agosto.<\/p>\n\n\n\n<figure class=\"wp-block-image size-large\"><img decoding=\"async\" src=\"https:\/\/radiolarioja.com.ar\/rlr\/wp-content\/uploads\/2023\/08\/WhatsApp-Image-2023-08-17-at-20.27.26-1024x1024.jpeg\" alt=\"\" class=\"wp-image-15831\"\/><\/figure>\n","protected":false},"excerpt":{"rendered":"<p>Rally Cross Country El Desaf\u00edo Ruta 40 vuelve a la competencia internacional y largar\u00e1 desde La Rioja El<\/p>\n","protected":false},"author":2,"featured_media":15831,"comment_status":"open","ping_status":"open","sticky":false,"template":"","format":"standard","meta":{"footnotes":""},"categories":[12],"tags":[],"class_list":["post-15830","post","type-post","status-publish","format-standard","has-post-thumbnail","hentry","category-local"],"featured_image_urls":{"full":"","thumbnail":"","medium":"","medium_large":"","large":"","1536x1536":"","2048x2048":"","morenews-large":"","morenews-medium":""},"author_info":{"info":["RadioLaRioja"]},"category_info":"<a href=\"https:\/\/radiolarioja.com.ar\/rlr\/category\/local\/\" rel=\"category tag\">Local<\/a>","tag_info":"Local","comment_count":"0","_links":{"self":[{"href":"https:\/\/radiolarioja.com.ar\/rlr\/wp-json\/wp\/v2\/posts\/15830","targetHints":{"allow":["GET"]}}],"collection":[{"href":"https:\/\/radiolarioja.com.ar\/rlr\/wp-json\/wp\/v2\/posts"}],"about":[{"href":"https:\/\/radiolarioja.com.ar\/rlr\/wp-json\/wp\/v2\/types\/post"}],"author":[{"embeddable":true,"href":"https:\/\/radiolarioja.com.ar\/rlr\/wp-json\/wp\/v2\/users\/2"}],"replies":[{"embeddable":true,"href":"https:\/\/radiolarioja.com.ar\/rlr\/wp-json\/wp\/v2\/comments?post=15830"}],"version-history":[{"count":0,"href":"https:\/\/radiolarioja.com.ar\/rlr\/wp-json\/wp\/v2\/posts\/15830\/revisions"}],"wp:featuredmedia":[{"embeddable":true,"href":"https:\/\/radiolarioja.com.ar\/rlr\/wp-json\/"}],"wp:attachment":[{"href":"https:\/\/radiolarioja.com.ar\/rlr\/wp-json\/wp\/v2\/media?parent=15830"}],"wp:term":[{"taxonomy":"category","embeddable":true,"href":"https:\/\/radiolarioja.com.ar\/rlr\/wp-json\/wp\/v2\/categories?post=15830"},{"taxonomy":"post_tag","embeddable":true,"href":"https:\/\/radiolarioja.com.ar\/rlr\/wp-json\/wp\/v2\/tags?post=15830"}],"curies":[{"name":"wp","href":"https:\/\/api.w.org\/{rel}","templated":true}]}}