{"id":15824,"date":"2023-08-17T23:10:50","date_gmt":"2023-08-18T02:10:50","guid":{"rendered":"https:\/\/radiolarioja.com.ar\/rlr\/?p=15824"},"modified":"2023-08-17T23:10:50","modified_gmt":"2023-08-18T02:10:50","slug":"el-ministerio-de-salud-conformo-una-red-cardiovascular-para-mejorar-el-acceso-el-diagnostico-y-la-atencion","status":"publish","type":"post","link":"https:\/\/radiolarioja.com.ar\/rlr\/el-ministerio-de-salud-conformo-una-red-cardiovascular-para-mejorar-el-acceso-el-diagnostico-y-la-atencion\/","title":{"rendered":"El Ministerio de Salud conform\u00f3 una red cardiovascular para mejorar el acceso, el diagn\u00f3stico y la atenci\u00f3n"},"content":{"rendered":"\n<p>El ministro de Salud Juan Carlos Vergara encabez\u00f3 este mi\u00e9rcoles el lanzamiento de la Red Cardiovascular Provincial, que tiene como objetivo reducir desigualdades y mejorar los tiempos de atenci\u00f3n y diagn\u00f3stico a quienes concurran a las guardias de cualquier hospital o centro primario de nuestra provincia.<\/p>\n\n\n\n<figure class=\"wp-block-image size-large\"><img decoding=\"async\" src=\"https:\/\/radiolarioja.com.ar\/rlr\/wp-content\/uploads\/2023\/08\/WhatsApp-Image-2023-08-17-at-19.00.24-1-1024x682.jpeg\" alt=\"\" class=\"wp-image-15828\"\/><\/figure>\n\n\n\n<p>La Red Cardiovasvular se encargar\u00e1 de generar las respuestas y orientar la atenci\u00f3n y derivaci\u00f3n teniendo en cuenta las distancias y los tiempos de cada evento. Para ello, por decisi\u00f3n del gobierno de la provincia, se realiz\u00f3 el mejoramiento de equipamiento y recursos humanos en todos los hospitales de la provincia.<\/p>\n\n\n\n<p>En este sentido, el ministro de Salud Juan Carlos Vergara explic\u00f3 que \u201cse trata de un trabajo que se viene dise\u00f1ando desde hace mucho tiempo, en donde se fue poniendo no solo el recurso humano en condiciones, sino tambi\u00e9n las instituciones, porque hablamos de generar en ellas una fortaleza para que se pueda dar una respuesta\u201d.<\/p>\n\n\n\n<p>Adem\u00e1s, manifest\u00f3 que \u201cesto es un logro gracias al apoyo del gobernador Ricardo Quintela, que nos puso como objetivo federalizar la salud y hoy estamos presentando esta respuesta para un problema que nosotros consideramos prioritario como lo son las enfermedades cr\u00f3nicas no Transmisibles, y que son las responsables de un 80% de la mortalidad, y dentro de ellas las enfermedades cardiovasculares ocupan el primer lugar\u201d, expres\u00f3.<\/p>\n\n\n\n<p>Asimismo, detall\u00f3 que \u201ca trav\u00e9s de la ley provincial de Provincia CardioProtegida, ya se viene trabajando en una pol\u00edtica integral, hemos distribuido m\u00e1s de 50 cardiodesfribiladores en toda la provincia y hemos capacitado a m\u00e1s de 4 mil personas. Y hoy todo esto se ve coronado con esta Red Cardiovascular que no tiene que ver solamente con la atenci\u00f3n de los eventos cr\u00edticos, sino tambi\u00e9n con actividades de promoci\u00f3n y prevenci\u00f3n para que de alguna manera podamos mitigar esta problem\u00e1tica. Hoy estamos dando una soluci\u00f3n en red donde se trabaja para que los distintos niveles de atenci\u00f3n se puedan ir completando y que el paciente tenga una soluci\u00f3n definitiva\u201d, sentenci\u00f3.<\/p>\n\n\n\n<p>Seguidamente, Vergara anticip\u00f3 que \u201cestamos a d\u00edas de la inauguraci\u00f3n en el Hospital Vera Barros, de la Sala de Hemodinamia del Servicio de Cardiolog\u00eda, con lo cual tambi\u00e9n tendremos la posibilidad en el sector p\u00fablico de trabajar en un mayor nivel de atenci\u00f3n para dar soluci\u00f3n a los problemas de las arterias que muchas veces hay que hacer un trabajo con hemodinamia. Es decir que vamos a ir dando desde el primer al tercer nivel un trabajo en red para dar la mejor calidad de atenci\u00f3n al paciente\u201d, valor\u00f3.<\/p>\n\n\n\n<p>En tanto, el secretario de Salud Gonzalo Calvo, destac\u00f3 que \u201ctrabajar en red significa ver las responsabilidades y roles dentro de la red, y es tener una estrategia para generar orden y trabajo en equipo porque es tan importante desde d\u00f3nde inicia hasta d\u00f3nde termina. El trabajo de la red cardiovascular debe ser bien entendida a diferentes patolog\u00edas, es una muestra de c\u00f3mo esta gesti\u00f3n ha generado lineamientos desde lo asistencial pero tambi\u00e9n desde lo digital, con una nueva visi\u00f3n de salud. Estas estrategias permiten generar un uso correcto de nuestros recursos\u201d, sintetiz\u00f3.<\/p>\n\n\n\n<p>Por su parte, el referente de Salud Cardiovascular de la Provincia, Ariel Cejas Mari\u00f1o, destac\u00f3 el permanente acompa\u00f1amiento del gobernador Ricardo Quintela y el ministro de Salud para mejorar la salud en particular con las enfermedades cardiovasculares. \u201cEn esta gesti\u00f3n se entreg\u00f3 equipamiento de primer nivel en todas las zonas sanitarias como un paso previo a poner en marcha esta Red Cardiovascular Provincial. En todo el mundo las enfermedades cardiovasculares son las responsables de mayor mortalidad dentro de las enfermedades cr\u00f3nicas, y en muchos pa\u00edses el trabajo en redes de comunicaci\u00f3n como la telemedicina se ha logrado disminuir la mortalidad de pacientes por infarto\u201d destac\u00f3.<\/p>\n\n\n\n<figure class=\"wp-block-image size-large\"><img decoding=\"async\" src=\"https:\/\/radiolarioja.com.ar\/rlr\/wp-content\/uploads\/2023\/08\/WhatsApp-Image-2023-08-17-at-19.00.24-1024x682.jpeg\" alt=\"\" class=\"wp-image-15827\"\/><\/figure>\n\n\n\n<p>\u201cNosotros llevamos este desaf\u00edo de una red no solo de infarto sino una red cardiovascular, para que una persona que est\u00e1 alejada de la capital no tenga que venir a La Rioja para ser tratada, vamos a tener acceso para ese tratamiento en el interior provincial\u201d destac\u00f3. \u00abCon esta red podremos ayudar a las personas para que entren en una red de atenci\u00f3n v\u00eda digital que estar\u00e1 coordinada por cardi\u00f3logos para realizar el tratamiento oportuno en cualquier parte de nuestra provincia y el Hospital Vera Barros ser\u00e1 el referente de esta red\u00bb.<\/p>\n\n\n\n<p>Sumado a esto, el doctor Cejas Mari\u00f1o remarc\u00f3 que se realizan continuamente capacitaciones virtuales y presenciales para los equipos de salud, a efectos de mejorar el acceso y la calidad del servicio brindado, sumado al trabajo a trav\u00e9s de la Ley de Provincia Cardio Protegida donde se realizan capacitaciones permanentes en el manejo de Desfribiladores y RCP.<\/p>\n\n\n\n<figure class=\"wp-block-image size-large\"><img decoding=\"async\" src=\"https:\/\/radiolarioja.com.ar\/rlr\/wp-content\/uploads\/2023\/08\/WhatsApp-Image-2023-08-17-at-19.00.23-1024x682.jpeg\" alt=\"\" class=\"wp-image-15826\"\/><\/figure>\n","protected":false},"excerpt":{"rendered":"<p>El ministro de Salud Juan Carlos Vergara encabez\u00f3 este mi\u00e9rcoles el lanzamiento de la Red Cardiovascular Provincial, que<\/p>\n","protected":false},"author":2,"featured_media":15828,"comment_status":"open","ping_status":"open","sticky":false,"template":"","format":"standard","meta":{"footnotes":""},"categories":[12],"tags":[],"class_list":["post-15824","post","type-post","status-publish","format-standard","has-post-thumbnail","hentry","category-local"],"featured_image_urls":{"full":"","thumbnail":"","medium":"","medium_large":"","large":"","1536x1536":"","2048x2048":"","morenews-large":"","morenews-medium":""},"author_info":{"info":["RadioLaRioja"]},"category_info":"<a href=\"https:\/\/radiolarioja.com.ar\/rlr\/category\/local\/\" rel=\"category tag\">Local<\/a>","tag_info":"Local","comment_count":"0","_links":{"self":[{"href":"https:\/\/radiolarioja.com.ar\/rlr\/wp-json\/wp\/v2\/posts\/15824","targetHints":{"allow":["GET"]}}],"collection":[{"href":"https:\/\/radiolarioja.com.ar\/rlr\/wp-json\/wp\/v2\/posts"}],"about":[{"href":"https:\/\/radiolarioja.com.ar\/rlr\/wp-json\/wp\/v2\/types\/post"}],"author":[{"embeddable":true,"href":"https:\/\/radiolarioja.com.ar\/rlr\/wp-json\/wp\/v2\/users\/2"}],"replies":[{"embeddable":true,"href":"https:\/\/radiolarioja.com.ar\/rlr\/wp-json\/wp\/v2\/comments?post=15824"}],"version-history":[{"count":0,"href":"https:\/\/radiolarioja.com.ar\/rlr\/wp-json\/wp\/v2\/posts\/15824\/revisions"}],"wp:featuredmedia":[{"embeddable":true,"href":"https:\/\/radiolarioja.com.ar\/rlr\/wp-json\/"}],"wp:attachment":[{"href":"https:\/\/radiolarioja.com.ar\/rlr\/wp-json\/wp\/v2\/media?parent=15824"}],"wp:term":[{"taxonomy":"category","embeddable":true,"href":"https:\/\/radiolarioja.com.ar\/rlr\/wp-json\/wp\/v2\/categories?post=15824"},{"taxonomy":"post_tag","embeddable":true,"href":"https:\/\/radiolarioja.com.ar\/rlr\/wp-json\/wp\/v2\/tags?post=15824"}],"curies":[{"name":"wp","href":"https:\/\/api.w.org\/{rel}","templated":true}]}}