{"id":15813,"date":"2023-08-17T23:04:25","date_gmt":"2023-08-18T02:04:25","guid":{"rendered":"https:\/\/radiolarioja.com.ar\/rlr\/?p=15813"},"modified":"2023-08-17T23:04:25","modified_gmt":"2023-08-18T02:04:25","slug":"con-ingrid-romero-la-rioja-dice-presente-en-el-mundial-de-natacion-para-personas-sordas","status":"publish","type":"post","link":"https:\/\/radiolarioja.com.ar\/rlr\/con-ingrid-romero-la-rioja-dice-presente-en-el-mundial-de-natacion-para-personas-sordas\/","title":{"rendered":"Con Ingrid Romero La Rioja dice presente en el Mundial de Nataci\u00f3n para Personas Sordas"},"content":{"rendered":"\n<h1 class=\"wp-block-heading\">DeporteAdaptado \u00a1Mundial de Nataci\u00f3n para Personas Sordas Buenos Aires 2023! &#x1f929;&#x1f1e6;&#x1f1f7;<\/h1>\n\n\n\n<p>&#x1f4cd; En el Parque Ol\u00edmpico Roca, donde compiten m\u00e1s de 130 nadadores de 26 pa\u00edses, Argentina present\u00f3 siete atletas en un mismo d\u00eda por primera vez en su historia logrando tres finales.<\/p>\n\n\n\n<p>&#x1f3ca;&#x1f3fb;&#x200d;&#x2640;&#xfe0f;&#x1f4aa;&#x1f3fb; Adem\u00e1s destacamos que nuestra riojana se encuentra compitiendo Ingrid Romero (50m espalda).<\/p>\n\n\n\n<p>&#x1f44f;&#x1f3fb;&#x2764;&#xfe0f; \u00a1Felicidades Ingrid por este gran esfuerzo y por representar nuestro pa\u00eds!<\/p>\n\n\n\n<figure class=\"wp-block-gallery has-nested-images columns-default is-cropped wp-block-gallery-1 is-layout-flex wp-block-gallery-is-layout-flex\">\n<figure class=\"wp-block-image size-large\"><img decoding=\"async\" data-id=\"15815\" src=\"https:\/\/radiolarioja.com.ar\/rlr\/wp-content\/uploads\/2023\/08\/WhatsApp-Image-2023-08-17-at-20.49.16.jpeg\" alt=\"\" class=\"wp-image-15815\"\/><\/figure>\n\n\n\n<figure class=\"wp-block-image size-large\"><img decoding=\"async\" data-id=\"15817\" src=\"https:\/\/radiolarioja.com.ar\/rlr\/wp-content\/uploads\/2023\/08\/WhatsApp-Image-2023-08-17-at-20.49.18-1.jpeg\" alt=\"\" class=\"wp-image-15817\"\/><\/figure>\n\n\n\n<figure class=\"wp-block-image size-large\"><img decoding=\"async\" data-id=\"15819\" src=\"https:\/\/radiolarioja.com.ar\/rlr\/wp-content\/uploads\/2023\/08\/WhatsApp-Image-2023-08-17-at-20.49.18.jpeg\" alt=\"\" class=\"wp-image-15819\"\/><\/figure>\n\n\n\n<figure class=\"wp-block-image size-large\"><img decoding=\"async\" data-id=\"15820\" src=\"https:\/\/radiolarioja.com.ar\/rlr\/wp-content\/uploads\/2023\/08\/WhatsApp-Image-2023-08-17-at-20.49.19.jpeg\" alt=\"\" class=\"wp-image-15820\"\/><\/figure>\n\n\n\n<figure class=\"wp-block-image size-large\"><img decoding=\"async\" data-id=\"15816\" src=\"https:\/\/radiolarioja.com.ar\/rlr\/wp-content\/uploads\/2023\/08\/WhatsApp-Image-2023-08-17-at-20.49.21-1.jpeg\" alt=\"\" class=\"wp-image-15816\"\/><\/figure>\n\n\n\n<figure class=\"wp-block-image size-large\"><img decoding=\"async\" data-id=\"15818\" src=\"https:\/\/radiolarioja.com.ar\/rlr\/wp-content\/uploads\/2023\/08\/WhatsApp-Image-2023-08-17-at-20.49.21-2.jpeg\" alt=\"\" class=\"wp-image-15818\"\/><\/figure>\n\n\n\n<figure class=\"wp-block-image size-large\"><img decoding=\"async\" data-id=\"15821\" src=\"https:\/\/radiolarioja.com.ar\/rlr\/wp-content\/uploads\/2023\/08\/WhatsApp-Image-2023-08-17-at-20.49.21.jpeg\" alt=\"\" class=\"wp-image-15821\"\/><\/figure>\n\n\n\n<figure class=\"wp-block-image size-large\"><img decoding=\"async\" data-id=\"15822\" src=\"https:\/\/radiolarioja.com.ar\/rlr\/wp-content\/uploads\/2023\/08\/WhatsApp-Image-2023-08-17-at-20.49.22-1024x614.jpeg\" alt=\"\" class=\"wp-image-15822\"\/><\/figure>\n<\/figure>\n","protected":false},"excerpt":{"rendered":"<p>DeporteAdaptado \u00a1Mundial de Nataci\u00f3n para Personas Sordas Buenos Aires 2023! &#x1f929;&#x1f1e6;&#x1f1f7; &#x1f4cd; En el Parque Ol\u00edmpico Roca, donde<\/p>\n","protected":false},"author":2,"featured_media":15815,"comment_status":"open","ping_status":"open","sticky":false,"template":"","format":"standard","meta":{"footnotes":""},"categories":[3],"tags":[],"class_list":["post-15813","post","type-post","status-publish","format-standard","has-post-thumbnail","hentry","category-deporte"],"featured_image_urls":{"full":"","thumbnail":"","medium":"","medium_large":"","large":"","1536x1536":"","2048x2048":"","morenews-large":"","morenews-medium":""},"author_info":{"info":["RadioLaRioja"]},"category_info":"<a href=\"https:\/\/radiolarioja.com.ar\/rlr\/category\/deporte\/\" rel=\"category tag\">Deporte<\/a>","tag_info":"Deporte","comment_count":"0","_links":{"self":[{"href":"https:\/\/radiolarioja.com.ar\/rlr\/wp-json\/wp\/v2\/posts\/15813","targetHints":{"allow":["GET"]}}],"collection":[{"href":"https:\/\/radiolarioja.com.ar\/rlr\/wp-json\/wp\/v2\/posts"}],"about":[{"href":"https:\/\/radiolarioja.com.ar\/rlr\/wp-json\/wp\/v2\/types\/post"}],"author":[{"embeddable":true,"href":"https:\/\/radiolarioja.com.ar\/rlr\/wp-json\/wp\/v2\/users\/2"}],"replies":[{"embeddable":true,"href":"https:\/\/radiolarioja.com.ar\/rlr\/wp-json\/wp\/v2\/comments?post=15813"}],"version-history":[{"count":0,"href":"https:\/\/radiolarioja.com.ar\/rlr\/wp-json\/wp\/v2\/posts\/15813\/revisions"}],"wp:featuredmedia":[{"embeddable":true,"href":"https:\/\/radiolarioja.com.ar\/rlr\/wp-json\/"}],"wp:attachment":[{"href":"https:\/\/radiolarioja.com.ar\/rlr\/wp-json\/wp\/v2\/media?parent=15813"}],"wp:term":[{"taxonomy":"category","embeddable":true,"href":"https:\/\/radiolarioja.com.ar\/rlr\/wp-json\/wp\/v2\/categories?post=15813"},{"taxonomy":"post_tag","embeddable":true,"href":"https:\/\/radiolarioja.com.ar\/rlr\/wp-json\/wp\/v2\/tags?post=15813"}],"curies":[{"name":"wp","href":"https:\/\/api.w.org\/{rel}","templated":true}]}}