{"id":15799,"date":"2023-08-17T22:35:19","date_gmt":"2023-08-18T01:35:19","guid":{"rendered":"https:\/\/radiolarioja.com.ar\/rlr\/?p=15799"},"modified":"2023-08-17T22:35:19","modified_gmt":"2023-08-18T01:35:19","slug":"el-hmyn-avanza-con-el-programa-de-comunicacion-visual-del-entorno-conjuntamente-con-el-hospital-garrahan","status":"publish","type":"post","link":"https:\/\/radiolarioja.com.ar\/rlr\/el-hmyn-avanza-con-el-programa-de-comunicacion-visual-del-entorno-conjuntamente-con-el-hospital-garrahan\/","title":{"rendered":"El HMyN avanza con el Programa de Comunicaci\u00f3n Visual del Entorno conjuntamente con el Hospital Garrahan"},"content":{"rendered":"\n<p>El proyecto se enmarca en el Programa Garrahan Federal y se lleva a cabo junto con el Ministerio de Salud de la Naci\u00f3n con apoyo de la Organizaci\u00f3n Panamericana de la Salud (OPS). La iniciativa busca contribuir a mejorar la accesibilidad y la calidad de atenci\u00f3n del hospital riojano.<\/p>\n\n\n\n<p>El HMyN, junto al Hospital Garrahan y el Ministerio de Salud de la Naci\u00f3n con apoyo de la OPS trabajar\u00e1n en conjunto para poner en funcionamiento el Programa de Comunicaci\u00f3n Visual del Entorno que cambiar\u00e1 la fisonom\u00eda visual que hoy presenta el nosocomio local.<\/p>\n\n\n\n<figure class=\"wp-block-image size-full is-resized\"><img fetchpriority=\"high\" decoding=\"async\" src=\"https:\/\/radiolarioja.com.ar\/rlr\/wp-content\/uploads\/2023\/08\/WhatsApp-Image-2023-08-17-at-22.02.09.jpeg\" alt=\"\" class=\"wp-image-15802\" style=\"width:949px;height:917px\" width=\"949\" height=\"917\"\/><\/figure>\n\n\n\n<p>El objetivo es se\u00f1alizar y ambientar los espacios donde se brindan servicios, haci\u00e9ndolos comprensibles, mensurables y abordables de manera aut\u00f3noma, al mismo tiempo que los resignifica otorg\u00e1ndoles sentidos relevantes que contribuyan a una mejor experiencia para quienes requieren asistir al hospital.<\/p>\n\n\n\n<p>Desde el HMyN se formar\u00e1 un equipo que estar\u00e1 coordinado por el \u00e1rea de Comunicaci\u00f3n Institucional, en tanto por el Hospital Garrahan se hicieron presentes los responsables del proyecto Santiago Baldarenas, coordinador de comunicaci\u00f3n del Garrahan, Ariel Aragues y Alejandro Albornoz, del equipo de comunicaci\u00f3n del ministerio de salud de la naci\u00f3n, quienes visitaron el Hospital de la Madre y el Ni\u00f1o y a lo largo de toda la semana mantuvieron reuniones de trabajo con las autoridades y realizaron una presentaci\u00f3n del proyecto a los equipos t\u00e9cnicos y jefes de servicios.<\/p>\n\n\n\n<p>Para referirse al tema, la Directora Ejecutiva del HMyN, Dra. Viviana P\u00e9rez se\u00f1al\u00f3 \u201cestamos muy felices de comenzar este trabajo articulado con el Hospital Garrahan, el Ministerio de Salud de la Naci\u00f3n y la OPS, porque va permitir que los ni\u00f1os, ni\u00f1as y las madres que se atiendan en nuestro hospital, puedan encontrarse con espacios m\u00e1s c\u00e1lidos y amigables que contribuyan a bajar los niveles de preocupaci\u00f3n y angustia que implica todo proceso de salud- enfermedad\u201d.<\/p>\n\n\n\n<p>Adem\u00e1s, el equipo de trabajo llev\u00f3 a cabo un relevamiento t\u00e9cnico funcional de la arquitectura hospitalaria y realiz\u00f3 entrevistas a personal de atenci\u00f3n a fin de conocer el uso de los espacios y proyectar un plan de intervenciones a lo largo del a\u00f1o.<\/p>\n\n\n\n<p>\u201cMe produce una emoci\u00f3n muy grande que podamos estar aqu\u00ed en La Rioja trabajando con todo el equipo del Hospital de la Madre y el Ni\u00f1o para colaborar con la construcci\u00f3n de este Programa que tiene como eje a la la comunicaci\u00f3n como herramienta estrat\u00e9gica para contribuir a mejorar la accesibilidad y la calidad en la atenci\u00f3n. Nuestra experiencia en el Garrahan, que lleva m\u00e1s de diez a\u00f1os, ha resultado innovadora y exitosa, y el conocimiento acumulado hoy nos hacen posible transmitir el saber hacer a otras instituciones\u201d, manifest\u00f3 el coordinador de comunicaci\u00f3n Santiago Baldarenas.<\/p>\n\n\n\n<p>Para hacer factible el desarrollo de este proyecto result\u00f3 fundamental contar con el apoyo de la Organizaci\u00f3n Panamericana de la Salud como socio estrat\u00e9gico, en virtud de su capacidad y experiencia para el acompa\u00f1amiento de este tipo de procesos en el marco de su l\u00ednea de cooperaci\u00f3n en comunicaci\u00f3n, en continuidad con las diferentes acciones que ya se impulsan de forma conjunta con el Hospital Garrahan y el Ministerio de Salud.<\/p>\n\n\n\n<p>En relaci\u00f3n a la construcci\u00f3n de la identidad del programa, Ariel Aragues, referente en este tipo de trabajos destac\u00f3 \u201cla necesidad de que la instrumentaci\u00f3n de este plan en el hospital de la madre y el ni\u00f1o genere una identidad visual respetuosa de las representaciones culturales y pr\u00e1cticas comunicacionales de la provincia, para lo cual ser\u00e1 fundamental la creaci\u00f3n de un equipo de trabajo con integrantes locales\u00bb<\/p>\n\n\n\n<p>Fotos: 1) reuni\u00f3n en el hospital<br \/>2) pasillos del Garrahan<\/p>\n\n\n\n<figure class=\"wp-block-image size-large\"><img decoding=\"async\" src=\"https:\/\/radiolarioja.com.ar\/rlr\/wp-content\/uploads\/2023\/08\/WhatsApp-Image-2023-08-17-at-22.02.08-1024x768.jpeg\" alt=\"\" class=\"wp-image-15801\"\/><\/figure>\n","protected":false},"excerpt":{"rendered":"<p>El proyecto se enmarca en el Programa Garrahan Federal y se lleva a cabo junto con el Ministerio<\/p>\n","protected":false},"author":2,"featured_media":15802,"comment_status":"open","ping_status":"open","sticky":false,"template":"","format":"standard","meta":{"footnotes":""},"categories":[12],"tags":[],"class_list":["post-15799","post","type-post","status-publish","format-standard","has-post-thumbnail","hentry","category-local"],"featured_image_urls":{"full":"","thumbnail":"","medium":"","medium_large":"","large":"","1536x1536":"","2048x2048":"","morenews-large":"","morenews-medium":""},"author_info":{"info":["RadioLaRioja"]},"category_info":"<a href=\"https:\/\/radiolarioja.com.ar\/rlr\/category\/local\/\" rel=\"category tag\">Local<\/a>","tag_info":"Local","comment_count":"0","_links":{"self":[{"href":"https:\/\/radiolarioja.com.ar\/rlr\/wp-json\/wp\/v2\/posts\/15799","targetHints":{"allow":["GET"]}}],"collection":[{"href":"https:\/\/radiolarioja.com.ar\/rlr\/wp-json\/wp\/v2\/posts"}],"about":[{"href":"https:\/\/radiolarioja.com.ar\/rlr\/wp-json\/wp\/v2\/types\/post"}],"author":[{"embeddable":true,"href":"https:\/\/radiolarioja.com.ar\/rlr\/wp-json\/wp\/v2\/users\/2"}],"replies":[{"embeddable":true,"href":"https:\/\/radiolarioja.com.ar\/rlr\/wp-json\/wp\/v2\/comments?post=15799"}],"version-history":[{"count":0,"href":"https:\/\/radiolarioja.com.ar\/rlr\/wp-json\/wp\/v2\/posts\/15799\/revisions"}],"wp:featuredmedia":[{"embeddable":true,"href":"https:\/\/radiolarioja.com.ar\/rlr\/wp-json\/"}],"wp:attachment":[{"href":"https:\/\/radiolarioja.com.ar\/rlr\/wp-json\/wp\/v2\/media?parent=15799"}],"wp:term":[{"taxonomy":"category","embeddable":true,"href":"https:\/\/radiolarioja.com.ar\/rlr\/wp-json\/wp\/v2\/categories?post=15799"},{"taxonomy":"post_tag","embeddable":true,"href":"https:\/\/radiolarioja.com.ar\/rlr\/wp-json\/wp\/v2\/tags?post=15799"}],"curies":[{"name":"wp","href":"https:\/\/api.w.org\/{rel}","templated":true}]}}